{"id":6079,"date":"2010-04-13T20:11:06","date_gmt":"2010-04-13T23:11:06","guid":{"rendered":"http:\/\/www.walcordeiro.com.br\/v1\/?p=6079"},"modified":"2010-04-13T20:11:06","modified_gmt":"2010-04-13T23:11:06","slug":"assaltantes-sao-mortos-por-passageiro-em-onibus","status":"publish","type":"post","link":"https:\/\/www.walcordeiro.com.br\/v1\/2010\/04\/13\/assaltantes-sao-mortos-por-passageiro-em-onibus\/","title":{"rendered":"Assaltantes s\u00e3o mortos por passageiro em \u00f4nibus"},"content":{"rendered":"<p>Dois assaltantes foram mortos, nesta segunda-feira (12), dentro de um \u00f4nibus na BR-324, perto de Am\u00e9lia Rodrigues. O \u00f4nibus seguia de Salvador para Feira de Santana.<\/p>\n<p>Segundo a pol\u00edcia, tr\u00eas assaltantes entraram como passageiros. Ao anunciarem o assalto, um homem ainda n\u00e3o identificado reagiu e matou dois dos assaltantes dentro do \u00f4nibus. Dois passageiros foram feridos na cabe\u00e7a com um tiro de rasp\u00e3o. Eles foram medicados e est\u00e3o fora de perigo. O terceiro assaltante conseguiu fugir.<\/p>\n<p>Ibahia<\/p>\n","protected":false},"excerpt":{"rendered":"<p>Dois assaltantes foram mortos, nesta segunda-feira (12), dentro de um \u00f4nibus na BR-324, perto de Am\u00e9lia Rodrigues. O \u00f4nibus seguia de Salvador para Feira de Santana. Segundo a pol\u00edcia, tr\u00eas assaltantes entraram como passageiros. Ao anunciarem o assalto, um homem ainda n\u00e3o identificado reagiu e matou dois dos assaltantes dentro do \u00f4nibus. Dois passageiros foram feridos na cabe\u00e7a com um tiro de rasp\u00e3o. Eles foram medicados e est\u00e3o fora de perigo. O terceiro assaltante conseguiu fugir. Ibahia<\/p>\n","protected":false},"author":2,"featured_media":0,"comment_status":"open","ping_status":"open","sticky":false,"template":"","format":"standard","meta":{"footnotes":"","_links_to":"","_links_to_target":""},"categories":[6],"tags":[2912,2911,222,452,2823,117],"class_list":["post-6079","post","type-post","status-publish","format-standard","hentry","category-noticias","tag-amelia-rodrigues","tag-assaltantes-mortos","tag-bahia","tag-feira-de-santana","tag-onibus","tag-policia"],"acf":[],"views":615,"_links":{"self":[{"href":"https:\/\/www.walcordeiro.com.br\/v1\/wp-json\/wp\/v2\/posts\/6079","targetHints":{"allow":["GET"]}}],"collection":[{"href":"https:\/\/www.walcordeiro.com.br\/v1\/wp-json\/wp\/v2\/posts"}],"about":[{"href":"https:\/\/www.walcordeiro.com.br\/v1\/wp-json\/wp\/v2\/types\/post"}],"author":[{"embeddable":true,"href":"https:\/\/www.walcordeiro.com.br\/v1\/wp-json\/wp\/v2\/users\/2"}],"replies":[{"embeddable":true,"href":"https:\/\/www.walcordeiro.com.br\/v1\/wp-json\/wp\/v2\/comments?post=6079"}],"version-history":[{"count":1,"href":"https:\/\/www.walcordeiro.com.br\/v1\/wp-json\/wp\/v2\/posts\/6079\/revisions"}],"predecessor-version":[{"id":6080,"href":"https:\/\/www.walcordeiro.com.br\/v1\/wp-json\/wp\/v2\/posts\/6079\/revisions\/6080"}],"wp:attachment":[{"href":"https:\/\/www.walcordeiro.com.br\/v1\/wp-json\/wp\/v2\/media?parent=6079"}],"wp:term":[{"taxonomy":"category","embeddable":true,"href":"https:\/\/www.walcordeiro.com.br\/v1\/wp-json\/wp\/v2\/categories?post=6079"},{"taxonomy":"post_tag","embeddable":true,"href":"https:\/\/www.walcordeiro.com.br\/v1\/wp-json\/wp\/v2\/tags?post=6079"}],"curies":[{"name":"wp","href":"https:\/\/api.w.org\/{rel}","templated":true}]}}