{"id":60705,"date":"2014-07-12T16:00:23","date_gmt":"2014-07-12T19:00:23","guid":{"rendered":"http:\/\/www.walcordeiro.com.br\/v1\/?p=60705"},"modified":"2014-07-12T16:00:23","modified_gmt":"2014-07-12T19:00:23","slug":"conselho-de-seguranca-da-onu-pede-cessar-fogo-entre-israel-e-palestina","status":"publish","type":"post","link":"https:\/\/www.walcordeiro.com.br\/v1\/2014\/07\/12\/conselho-de-seguranca-da-onu-pede-cessar-fogo-entre-israel-e-palestina\/","title":{"rendered":"Conselho de Seguran\u00e7a da ONU pede cessar-fogo entre Israel e Palestina"},"content":{"rendered":"<p>O Conselho de Seguran\u00e7a da ONU pediu neste s\u00e1bado (12) um cessar-fogo entre palestinos e israelenses e expressou grave preocupa\u00e7\u00e3o com o bem-estar e a prote\u00e7\u00e3o de civis em ambos os lados. \u00a0&#8220;Os membros do Conselho de Seguran\u00e7a pediram a normaliza\u00e7\u00e3o situa\u00e7\u00e3o, a restaura\u00e7\u00e3o da calma, e reinstitui\u00e7\u00e3o do cessar-fogo de novembro de 2012,&#8221; disse o comunicado. O pedido acontece depois ataques a\u00e9reos israelenses contra o Hamas em Gaza atingiram uma mesquita e um centro para pessoas com defici\u00eancia, provocando a morte de duas mulheres.<\/p>\n","protected":false},"excerpt":{"rendered":"<p>O Conselho de Seguran\u00e7a da ONU pediu neste s\u00e1bado (12) um cessar-fogo entre palestinos e israelenses e expressou grave preocupa\u00e7\u00e3o com o bem-estar e a prote\u00e7\u00e3o de civis em ambos os lados. \u00a0&#8220;Os membros do Conselho de Seguran\u00e7a pediram a normaliza\u00e7\u00e3o situa\u00e7\u00e3o, a restaura\u00e7\u00e3o da calma, e reinstitui\u00e7\u00e3o do cessar-fogo de novembro de 2012,&#8221; disse o comunicado. O pedido acontece depois ataques a\u00e9reos israelenses contra o Hamas em Gaza atingiram uma mesquita e um centro para pessoas com defici\u00eancia, provocando a morte de duas mulheres.<\/p>\n","protected":false},"author":2,"featured_media":0,"comment_status":"open","ping_status":"open","sticky":false,"template":"","format":"standard","meta":{"footnotes":"","_links_to":"","_links_to_target":""},"categories":[6],"tags":[],"class_list":["post-60705","post","type-post","status-publish","format-standard","hentry","category-noticias"],"acf":[],"views":395,"_links":{"self":[{"href":"https:\/\/www.walcordeiro.com.br\/v1\/wp-json\/wp\/v2\/posts\/60705","targetHints":{"allow":["GET"]}}],"collection":[{"href":"https:\/\/www.walcordeiro.com.br\/v1\/wp-json\/wp\/v2\/posts"}],"about":[{"href":"https:\/\/www.walcordeiro.com.br\/v1\/wp-json\/wp\/v2\/types\/post"}],"author":[{"embeddable":true,"href":"https:\/\/www.walcordeiro.com.br\/v1\/wp-json\/wp\/v2\/users\/2"}],"replies":[{"embeddable":true,"href":"https:\/\/www.walcordeiro.com.br\/v1\/wp-json\/wp\/v2\/comments?post=60705"}],"version-history":[{"count":1,"href":"https:\/\/www.walcordeiro.com.br\/v1\/wp-json\/wp\/v2\/posts\/60705\/revisions"}],"predecessor-version":[{"id":60706,"href":"https:\/\/www.walcordeiro.com.br\/v1\/wp-json\/wp\/v2\/posts\/60705\/revisions\/60706"}],"wp:attachment":[{"href":"https:\/\/www.walcordeiro.com.br\/v1\/wp-json\/wp\/v2\/media?parent=60705"}],"wp:term":[{"taxonomy":"category","embeddable":true,"href":"https:\/\/www.walcordeiro.com.br\/v1\/wp-json\/wp\/v2\/categories?post=60705"},{"taxonomy":"post_tag","embeddable":true,"href":"https:\/\/www.walcordeiro.com.br\/v1\/wp-json\/wp\/v2\/tags?post=60705"}],"curies":[{"name":"wp","href":"https:\/\/api.w.org\/{rel}","templated":true}]}}