{"id":60456,"date":"2014-06-30T21:08:16","date_gmt":"2014-07-01T00:08:16","guid":{"rendered":"http:\/\/www.walcordeiro.com.br\/v1\/?p=60456"},"modified":"2014-06-30T21:08:16","modified_gmt":"2014-07-01T00:08:16","slug":"morre-mais-uma-estudante-da-uesb","status":"publish","type":"post","link":"https:\/\/www.walcordeiro.com.br\/v1\/2014\/06\/30\/morre-mais-uma-estudante-da-uesb\/","title":{"rendered":"Morre mais uma estudante da Uesb"},"content":{"rendered":"<p>&nbsp;<\/p>\n<p><a href=\"http:\/\/www.blogdorodrigoferraz.com.br\/v1\/wp-content\/uploads\/2014\/06\/1157Aluna.jpg\" data-slb-group=\"26545\" data-slb-active=\"1\" data-slb-internal=\"0\"><img loading=\"lazy\" decoding=\"async\" alt=\"1157Aluna\" src=\"http:\/\/www.blogdorodrigoferraz.com.br\/v1\/wp-content\/uploads\/2014\/06\/1157Aluna.jpg\" width=\"160\" height=\"172\" \/><\/a><\/p>\n<p>Em menos de uma semana, a Universidade Estadual do Sudoeste da Bahia (Uesb) perdeu duas alunas do campus de Jequi\u00e9. O primeiro \u00f3bito aconteceu no \u00faltimo dia 27. A aluna do curso de qu\u00edmica,\u00a0Mariana Galdino, 20 anos, natural da cidade de Ipia\u00fa,na regi\u00e3o Sudoeste, e que residia em uma republica, na Rua Ari Barroso, bairro do Jequiezinho,\u00a0<a title=\"morte\" href=\"http:\/\/www.blogdorodrigoferraz.com.br\/v1\/2014\/06\/27\/estudante-da-uesb-e-encontrada-morta-dentro-de-casa\/\">foi encontrada morta dentro de casa<\/a>. A pol\u00edcia n\u00e3o descarta a possibilidade de suic\u00eddio.<\/p>\n<p>A segunda morte envolvendo aluna da Uesb aconteceu na manh\u00e3 de hoje (segunda-feira). A aluna\u00a0Jozeuma Edi Sena de Oliveira Nunes tamb\u00e9m pertencia ao curso de licenciatura em qu\u00edmica no campus de Jequi\u00e9.<\/p>\n<p>Por meio da\u00a0<a href=\"http:\/\/200.128.67.49:8080\/materia\/imagens_materias\/1401PORTARIA%200928-14%20-%20Decretar%20Luto%20-%20aluna%20-JQ.pdf\">Portaria 0928\/14<\/a>, a Universidade decreta luto oficial por tr\u00eas dias no campus de Jequi\u00e9 e manifestou a sua solidariedade a todos os familiares e amigos da estudante. Os motivos da morte ainda n\u00e3o foram divulgados. Fonte: Blog do Rodrigo Ferraz<\/p>\n","protected":false},"excerpt":{"rendered":"<p>&nbsp; Em menos de uma semana, a Universidade Estadual do Sudoeste da Bahia (Uesb) perdeu duas alunas do campus de Jequi\u00e9. O primeiro \u00f3bito aconteceu no \u00faltimo dia 27. A aluna do curso de qu\u00edmica,\u00a0Mariana Galdino, 20 anos, natural da cidade de Ipia\u00fa,na regi\u00e3o Sudoeste, e que residia em uma republica, na Rua Ari Barroso, bairro do Jequiezinho,\u00a0foi encontrada morta dentro de casa. A pol\u00edcia n\u00e3o descarta a possibilidade de suic\u00eddio. A segunda morte envolvendo aluna da Uesb aconteceu na manh\u00e3 de hoje (segunda-feira). A aluna\u00a0Jozeuma Edi Sena de Oliveira Nunes tamb\u00e9m pertencia ao curso de licenciatura em qu\u00edmica no&#8230;<\/p>\n","protected":false},"author":2,"featured_media":0,"comment_status":"open","ping_status":"open","sticky":false,"template":"","format":"standard","meta":{"footnotes":"","_links_to":"","_links_to_target":""},"categories":[6],"tags":[],"class_list":["post-60456","post","type-post","status-publish","format-standard","hentry","category-noticias"],"acf":[],"views":631,"_links":{"self":[{"href":"https:\/\/www.walcordeiro.com.br\/v1\/wp-json\/wp\/v2\/posts\/60456","targetHints":{"allow":["GET"]}}],"collection":[{"href":"https:\/\/www.walcordeiro.com.br\/v1\/wp-json\/wp\/v2\/posts"}],"about":[{"href":"https:\/\/www.walcordeiro.com.br\/v1\/wp-json\/wp\/v2\/types\/post"}],"author":[{"embeddable":true,"href":"https:\/\/www.walcordeiro.com.br\/v1\/wp-json\/wp\/v2\/users\/2"}],"replies":[{"embeddable":true,"href":"https:\/\/www.walcordeiro.com.br\/v1\/wp-json\/wp\/v2\/comments?post=60456"}],"version-history":[{"count":1,"href":"https:\/\/www.walcordeiro.com.br\/v1\/wp-json\/wp\/v2\/posts\/60456\/revisions"}],"predecessor-version":[{"id":60457,"href":"https:\/\/www.walcordeiro.com.br\/v1\/wp-json\/wp\/v2\/posts\/60456\/revisions\/60457"}],"wp:attachment":[{"href":"https:\/\/www.walcordeiro.com.br\/v1\/wp-json\/wp\/v2\/media?parent=60456"}],"wp:term":[{"taxonomy":"category","embeddable":true,"href":"https:\/\/www.walcordeiro.com.br\/v1\/wp-json\/wp\/v2\/categories?post=60456"},{"taxonomy":"post_tag","embeddable":true,"href":"https:\/\/www.walcordeiro.com.br\/v1\/wp-json\/wp\/v2\/tags?post=60456"}],"curies":[{"name":"wp","href":"https:\/\/api.w.org\/{rel}","templated":true}]}}