{"id":6024,"date":"2010-04-13T11:27:03","date_gmt":"2010-04-13T14:27:03","guid":{"rendered":"http:\/\/www.walcordeiro.com.br\/v1\/?p=6024"},"modified":"2010-04-13T11:27:03","modified_gmt":"2010-04-13T14:27:03","slug":"numero-de-mortos-em-deslizamento-no-bumba-passa-de-40","status":"publish","type":"post","link":"https:\/\/www.walcordeiro.com.br\/v1\/2010\/04\/13\/numero-de-mortos-em-deslizamento-no-bumba-passa-de-40\/","title":{"rendered":"N\u00famero de mortos em deslizamento no Bumba passa de 40"},"content":{"rendered":"<p style=\"text-align: center;\"><img loading=\"lazy\" decoding=\"async\" class=\"aligncenter\" src=\"http:\/\/g1.globo.com\/Noticias\/Rio\/foto\/0,,40008479-FMMP,00.jpg\" alt=\"Foto: Carolina Lauriano\" width=\"270\" height=\"169\" \/><\/p>\n<p>J\u00e1 chega a 43 o n\u00famero de mortos no Morro do Bumba, em Niter\u00f3i, na Regi\u00e3o Metropolitana do Rio. Segundo o corpo de bombeiros, na manh\u00e3 desta ter\u00e7a-feira (13), seis corpos foram encontrados no local.<\/p>\n<p>\u00a0Quatro das v\u00edtimas foram resgatadas pr\u00f3ximo a um local onde funcionava uma pizzaria e outras duas, na parte baixa do morro. Ao todo, s\u00e3o 42 corpos retirados pelos bombeiros, al\u00e9m de uma mulher que saiu de l\u00e1 com vida, mas morreu no hospital no \u00faltimo s\u00e1bado (10).<\/p>\n<p>\u00a0De acordo com o coronel Ant\u00f4nio Roberto, que comanda as opera\u00e7\u00f5es no local, nesta manh\u00e3 foram terminadas as buscas na parte baixa do morro, que corresponde a um ter\u00e7o do total da \u00e1rea atingida pelo deslizamento. As equipes agora devem intensificar os trabalhos na parte central da regi\u00e3o.<\/p>\n<p>\u00a0<!--more-->Segundo as estat\u00edsticas oficiais do Corpo de Bombeiros, j\u00e1 s\u00e3o 239 mortos em decorr\u00eancia da chuva em todo o estado do Rio.<\/p>\n<p>G1<\/p>\n","protected":false},"excerpt":{"rendered":"<p>J\u00e1 chega a 43 o n\u00famero de mortos no Morro do Bumba, em Niter\u00f3i, na Regi\u00e3o Metropolitana do Rio. Segundo o corpo de bombeiros, na manh\u00e3 desta ter\u00e7a-feira (13), seis corpos foram encontrados no local. \u00a0Quatro das v\u00edtimas foram resgatadas pr\u00f3ximo a um local onde funcionava uma pizzaria e outras duas, na parte baixa do morro. Ao todo, s\u00e3o 42 corpos retirados pelos bombeiros, al\u00e9m de uma mulher que saiu de l\u00e1 com vida, mas morreu no hospital no \u00faltimo s\u00e1bado (10). \u00a0De acordo com o coronel Ant\u00f4nio Roberto, que comanda as opera\u00e7\u00f5es no local, nesta manh\u00e3 foram terminadas as&#8230;<\/p>\n","protected":false},"author":2,"featured_media":0,"comment_status":"open","ping_status":"open","sticky":false,"template":"","format":"standard","meta":{"footnotes":"","_links_to":"","_links_to_target":""},"categories":[6],"tags":[100,2770,1012,480,2894],"class_list":["post-6024","post","type-post","status-publish","format-standard","hentry","category-noticias","tag-chuvas","tag-morro-do-bumba","tag-niteroi","tag-rio","tag-tragegia"],"acf":[],"views":622,"_links":{"self":[{"href":"https:\/\/www.walcordeiro.com.br\/v1\/wp-json\/wp\/v2\/posts\/6024","targetHints":{"allow":["GET"]}}],"collection":[{"href":"https:\/\/www.walcordeiro.com.br\/v1\/wp-json\/wp\/v2\/posts"}],"about":[{"href":"https:\/\/www.walcordeiro.com.br\/v1\/wp-json\/wp\/v2\/types\/post"}],"author":[{"embeddable":true,"href":"https:\/\/www.walcordeiro.com.br\/v1\/wp-json\/wp\/v2\/users\/2"}],"replies":[{"embeddable":true,"href":"https:\/\/www.walcordeiro.com.br\/v1\/wp-json\/wp\/v2\/comments?post=6024"}],"version-history":[{"count":2,"href":"https:\/\/www.walcordeiro.com.br\/v1\/wp-json\/wp\/v2\/posts\/6024\/revisions"}],"predecessor-version":[{"id":6026,"href":"https:\/\/www.walcordeiro.com.br\/v1\/wp-json\/wp\/v2\/posts\/6024\/revisions\/6026"}],"wp:attachment":[{"href":"https:\/\/www.walcordeiro.com.br\/v1\/wp-json\/wp\/v2\/media?parent=6024"}],"wp:term":[{"taxonomy":"category","embeddable":true,"href":"https:\/\/www.walcordeiro.com.br\/v1\/wp-json\/wp\/v2\/categories?post=6024"},{"taxonomy":"post_tag","embeddable":true,"href":"https:\/\/www.walcordeiro.com.br\/v1\/wp-json\/wp\/v2\/tags?post=6024"}],"curies":[{"name":"wp","href":"https:\/\/api.w.org\/{rel}","templated":true}]}}