{"id":5924,"date":"2010-04-13T06:35:22","date_gmt":"2010-04-13T09:35:22","guid":{"rendered":"http:\/\/www.walcordeiro.com.br\/v1\/?p=5924"},"modified":"2010-04-13T06:35:22","modified_gmt":"2010-04-13T09:35:22","slug":"morumbi-fora-da-abertura-e-da-copa-de-2014","status":"publish","type":"post","link":"https:\/\/www.walcordeiro.com.br\/v1\/2010\/04\/13\/morumbi-fora-da-abertura-e-da-copa-de-2014\/","title":{"rendered":"Morumbi fora da abertura e da Copa de 2014"},"content":{"rendered":"<p style=\"text-align: center;\"><img decoding=\"async\" src=\"http:\/\/www.estadao.com.br\/fotos\/morumbi.JPG\" alt=\"\" \/><\/p>\n<p>A pol\u00eamica sobre a utiliza\u00e7\u00e3o do Est\u00e1dio do Morumbi no Mundial de 2014 est\u00e1 chegando ao fim. Na quinta-feira, o secret\u00e1rio-geral da Fifa, Jerome Valcke, vem ao Brasil, em car\u00e1ter de urg\u00eancia, para definir o papel do est\u00e1dio do S\u00e3o Paulo na Copa. Vai trazer na bagagem uma informa\u00e7\u00e3o contundente: o Morumbi n\u00e3o receber\u00e1 a partida de abertura da competi\u00e7\u00e3o e nenhuma outra. Est\u00e1 fora da Copa.<\/p>\n<p>A revela\u00e7\u00e3o foi feita ontem ao Estado por um alto executivo da Fifa. Insatisfeito com os projetos de reformas do Morumbi apresentados pela dire\u00e7\u00e3o do clube desde o ano passado &#8211; apesar de ter feito alguns elogios -, Valcke vai se encontrar com os dirigentes do Comit\u00ea Organizador do Mundial em S\u00e3o Paulo, de onde seguir\u00e1 para uma s\u00e9rie de reuni\u00f5es em Bras\u00edlia. Ficar\u00e1 dois ou tr\u00eas dias no Pa\u00eds.<\/p>\n<p>Valcke tamb\u00e9m vai conferir de perto como est\u00e3o os demais projetos dos est\u00e1dios credenciados para abrigar jogos da Copa. Em maio, a Fifa exibir\u00e1 um v\u00eddeo no Brasil com os defeitos t\u00e9cnicos existentes nos projetos do Morumbi. Quer assim se eximir de responsabilidade pela exclus\u00e3o do Est\u00e1dio C\u00edcero Pompeu de Toledo.<!--more--><\/p>\n<p>Em nenhuma hip\u00f3tese a Fifa aceitar\u00e1 jogos em dois ou mais est\u00e1dios numa mesma sede. Por isso, de acordo com o executivo entrevistado pelo Estado, a entidade j\u00e1 conta com um plano B para dar ao Estado de S\u00e3o Paulo o direito de abrir o Mundial de 2014. &#8220;Esse projeto j\u00e1 chegou \u00e0 sede da entidade, em Zurique, na Su\u00ed\u00e7a, foi visto com bons olhos e tem participa\u00e7\u00e3o da prefeitura da capital paulista&#8221;, comentou o executivo.<\/p>\n<p>Mudan\u00e7as de prazo. As obras em todos os 12 est\u00e1dios do Mundial do Brasil deveriam come\u00e7ar em mar\u00e7o. O comit\u00ea local j\u00e1 fez uma concess\u00e3o e adiou o prazo para 3 de maio. Quem atrasar o cronograma da pr\u00f3xima vez correr\u00e1 o risco de perder o direito de participar diretamente da Copa. Essa mensagem ser\u00e1 refor\u00e7ada por Valcke e estar\u00e1 mais endere\u00e7ada aos est\u00e1dios que passar\u00e3o por reformas.<\/p>\n<p>O Estado de S\u00e3o Paulo, no entanto, ser\u00e1 avaliado de forma diferenciada, por causa da longa controv\u00e9rsia entre o clube do Morumbi e a Fifa. A entidade reconhece a import\u00e2ncia do Estado no Pa\u00eds e n\u00e3o quer o \u00f4nus de um desgaste pol\u00edtico por uma participa\u00e7\u00e3o secund\u00e1ria de S\u00e3o Paulo no evento.<\/p>\n<p>Ainda de acordo com o executivo da Fifa, os projetos de constru\u00e7\u00e3o de novas arenas preocupam menos a entidade m\u00e1xima do futebol do que os est\u00e1dios que ser\u00e3o reformados. &#8220;Para quem est\u00e1 saindo do zero, j\u00e1 h\u00e1 um projeto claro, do que vai ser feito, de como a obra ser\u00e1 entregue.&#8221;<\/p>\n<p>No encontro com o comit\u00ea organizador, a Fifa vai reiterar que as quatro ou cinco sedes da Copa das Confedera\u00e7\u00f5es, em 2013, ter\u00e3o de liberar seus est\u00e1dios at\u00e9 dezembro de 2012. Essas cidades ser\u00e3o definidas possivelmente logo ap\u00f3s o fim da Copa da \u00c1frica do Sul, que se encerrar\u00e1 em 11 de julho.<\/p>\n<p>A entidade, por meio de seus dirigentes, tentar\u00e1 de todas as formas evitar declara\u00e7\u00f5es pol\u00eamicas nos pr\u00f3ximos dias sobre assuntos referentes ao Mundial de 2014. Vai se concentrar no evento sul-africano. Essa \u00e9 a ordem do presidente da Fifa, Joseph Blatter.<br \/>\n<strong>Para lembrar<br \/>\n<\/strong><br \/>\nEst\u00e1dio recebeu alguns elogios e muitas cr\u00edticas<\/p>\n<p>Em 19 de mar\u00e7o, o S\u00e3o Paulo e o Comit\u00ea Organizador Paulista da Copa de 2014 receberam com surpresa e al\u00edvio os primeiros elogios do secret\u00e1rio-geral da Fifa, Jerome Valcke, ao Morumbi. O dirigente se pronunciou ap\u00f3s analisar relat\u00f3rios feitos por tr\u00eas integrantes da Fifa, que estiveram no dia 14 de mar\u00e7o no est\u00e1dio s\u00e3o-paulino. &#8220;\u00c9 um pr\u00eamio \u00e0 insist\u00eancia&#8221;, comemorou na \u00e9poca o presidente do comit\u00ea, Caio Luiz de Carvalho. &#8220;A entidade percebeu o comprometimento do clube e de S\u00e3o Paulo em atender \u00e0s exig\u00eancias.&#8221;<\/p>\n<p>Em todos coment\u00e1rios referentes ao Morumbi anteriormente, no entanto, Valcke e a c\u00fapula da Fifa apenas fizeram cr\u00edticas. E, mais tarde, mesmo nas raras afirma\u00e7\u00f5es positivas, a entidade nunca garantiu que o est\u00e1dio s\u00e3o-paulino teria condi\u00e7\u00e3o de receber as partidas mais importantes do Mundial, como a abertura, pretendida pelos paulistas.<\/p>\n<p>Estad\u00e3o<\/p>\n","protected":false},"excerpt":{"rendered":"<p>A pol\u00eamica sobre a utiliza\u00e7\u00e3o do Est\u00e1dio do Morumbi no Mundial de 2014 est\u00e1 chegando ao fim. Na quinta-feira, o secret\u00e1rio-geral da Fifa, Jerome Valcke, vem ao Brasil, em car\u00e1ter de urg\u00eancia, para definir o papel do est\u00e1dio do S\u00e3o Paulo na Copa. Vai trazer na bagagem uma informa\u00e7\u00e3o contundente: o Morumbi n\u00e3o receber\u00e1 a partida de abertura da competi\u00e7\u00e3o e nenhuma outra. Est\u00e1 fora da Copa. A revela\u00e7\u00e3o foi feita ontem ao Estado por um alto executivo da Fifa. Insatisfeito com os projetos de reformas do Morumbi apresentados pela dire\u00e7\u00e3o do clube desde o ano passado &#8211; apesar de&#8230;<\/p>\n","protected":false},"author":2,"featured_media":0,"comment_status":"open","ping_status":"open","sticky":false,"template":"","format":"standard","meta":{"footnotes":"","_links_to":"","_links_to_target":""},"categories":[6],"tags":[2851,1454],"class_list":["post-5924","post","type-post","status-publish","format-standard","hentry","category-noticias","tag-copa-2014","tag-morumbi"],"acf":[],"views":583,"_links":{"self":[{"href":"https:\/\/www.walcordeiro.com.br\/v1\/wp-json\/wp\/v2\/posts\/5924","targetHints":{"allow":["GET"]}}],"collection":[{"href":"https:\/\/www.walcordeiro.com.br\/v1\/wp-json\/wp\/v2\/posts"}],"about":[{"href":"https:\/\/www.walcordeiro.com.br\/v1\/wp-json\/wp\/v2\/types\/post"}],"author":[{"embeddable":true,"href":"https:\/\/www.walcordeiro.com.br\/v1\/wp-json\/wp\/v2\/users\/2"}],"replies":[{"embeddable":true,"href":"https:\/\/www.walcordeiro.com.br\/v1\/wp-json\/wp\/v2\/comments?post=5924"}],"version-history":[{"count":1,"href":"https:\/\/www.walcordeiro.com.br\/v1\/wp-json\/wp\/v2\/posts\/5924\/revisions"}],"predecessor-version":[{"id":5925,"href":"https:\/\/www.walcordeiro.com.br\/v1\/wp-json\/wp\/v2\/posts\/5924\/revisions\/5925"}],"wp:attachment":[{"href":"https:\/\/www.walcordeiro.com.br\/v1\/wp-json\/wp\/v2\/media?parent=5924"}],"wp:term":[{"taxonomy":"category","embeddable":true,"href":"https:\/\/www.walcordeiro.com.br\/v1\/wp-json\/wp\/v2\/categories?post=5924"},{"taxonomy":"post_tag","embeddable":true,"href":"https:\/\/www.walcordeiro.com.br\/v1\/wp-json\/wp\/v2\/tags?post=5924"}],"curies":[{"name":"wp","href":"https:\/\/api.w.org\/{rel}","templated":true}]}}