{"id":57897,"date":"2014-04-05T20:53:31","date_gmt":"2014-04-05T23:53:31","guid":{"rendered":"http:\/\/www.walcordeiro.com.br\/v1\/?p=57897"},"modified":"2014-04-05T20:53:31","modified_gmt":"2014-04-05T23:53:31","slug":"ibicoara-vereador-morre-em-acidente","status":"publish","type":"post","link":"https:\/\/www.walcordeiro.com.br\/v1\/2014\/04\/05\/ibicoara-vereador-morre-em-acidente\/","title":{"rendered":"Ibicoara: Vereador morre em acidente"},"content":{"rendered":"<figure id=\"attachment_141367\"><a href=\"http:\/\/img.blogdoanderson.com\/2014\/04\/Captura-de-tela-inteira-522010-093010-e1396738653467.jpg\"><img loading=\"lazy\" decoding=\"async\" alt=\"Foto: Reprodu\u00e7\u00e3o\" src=\"http:\/\/img.blogdoanderson.com\/2014\/04\/Captura-de-tela-inteira-522010-093010-e1396738653467.jpg\" width=\"298\" height=\"215\" \/><\/a><figcaption>Foto: Reprodu\u00e7\u00e3o<\/figcaption><\/figure>\n<p><strong>Um vereador de Ibicoara e outros dois ficaram feridos num acidente na BA-245, pr\u00f3ximo a Mucug\u00ea, na Chapada Diamantina. No carro, que capotou ao desviar de uma carreta, estavam al\u00e9m de Ricardo Silva Luz (PSL), morto no local, Arionildo Oliveira (PSL), conhecido como Lico, e Renan de S\u00e1 Teles Pina (PMDB), que foram levados a hospitais da regi\u00e3o. Os pol\u00edticos retornavam para Ibicoara ap\u00f3s um evento do Programa de Governo Participativo (PGP), em Itaberaba. Blog do Anderson<\/strong><\/p>\n","protected":false},"excerpt":{"rendered":"<p>Foto: Reprodu\u00e7\u00e3o Um vereador de Ibicoara e outros dois ficaram feridos num acidente na BA-245, pr\u00f3ximo a Mucug\u00ea, na Chapada Diamantina. No carro, que capotou ao desviar de uma carreta, estavam al\u00e9m de Ricardo Silva Luz (PSL), morto no local, Arionildo Oliveira (PSL), conhecido como Lico, e Renan de S\u00e1 Teles Pina (PMDB), que foram levados a hospitais da regi\u00e3o. Os pol\u00edticos retornavam para Ibicoara ap\u00f3s um evento do Programa de Governo Participativo (PGP), em Itaberaba. Blog do Anderson<\/p>\n","protected":false},"author":2,"featured_media":0,"comment_status":"open","ping_status":"open","sticky":false,"template":"","format":"standard","meta":{"footnotes":"","_links_to":"","_links_to_target":""},"categories":[6],"tags":[],"class_list":["post-57897","post","type-post","status-publish","format-standard","hentry","category-noticias"],"acf":[],"views":745,"_links":{"self":[{"href":"https:\/\/www.walcordeiro.com.br\/v1\/wp-json\/wp\/v2\/posts\/57897","targetHints":{"allow":["GET"]}}],"collection":[{"href":"https:\/\/www.walcordeiro.com.br\/v1\/wp-json\/wp\/v2\/posts"}],"about":[{"href":"https:\/\/www.walcordeiro.com.br\/v1\/wp-json\/wp\/v2\/types\/post"}],"author":[{"embeddable":true,"href":"https:\/\/www.walcordeiro.com.br\/v1\/wp-json\/wp\/v2\/users\/2"}],"replies":[{"embeddable":true,"href":"https:\/\/www.walcordeiro.com.br\/v1\/wp-json\/wp\/v2\/comments?post=57897"}],"version-history":[{"count":2,"href":"https:\/\/www.walcordeiro.com.br\/v1\/wp-json\/wp\/v2\/posts\/57897\/revisions"}],"predecessor-version":[{"id":57899,"href":"https:\/\/www.walcordeiro.com.br\/v1\/wp-json\/wp\/v2\/posts\/57897\/revisions\/57899"}],"wp:attachment":[{"href":"https:\/\/www.walcordeiro.com.br\/v1\/wp-json\/wp\/v2\/media?parent=57897"}],"wp:term":[{"taxonomy":"category","embeddable":true,"href":"https:\/\/www.walcordeiro.com.br\/v1\/wp-json\/wp\/v2\/categories?post=57897"},{"taxonomy":"post_tag","embeddable":true,"href":"https:\/\/www.walcordeiro.com.br\/v1\/wp-json\/wp\/v2\/tags?post=57897"}],"curies":[{"name":"wp","href":"https:\/\/api.w.org\/{rel}","templated":true}]}}