{"id":56712,"date":"2014-02-24T10:04:10","date_gmt":"2014-02-24T13:04:10","guid":{"rendered":"http:\/\/www.walcordeiro.com.br\/v1\/?p=56712"},"modified":"2014-02-24T10:04:10","modified_gmt":"2014-02-24T13:04:10","slug":"conquista-carro-capota-apos-colisao-no-bairro-recreio","status":"publish","type":"post","link":"https:\/\/www.walcordeiro.com.br\/v1\/2014\/02\/24\/conquista-carro-capota-apos-colisao-no-bairro-recreio\/","title":{"rendered":"Conquista: Carro capota ap\u00f3s colis\u00e3o no bairro Recreio"},"content":{"rendered":"<p><em><strong>Foto: Rafael Gusm\u00e3o<br \/>\n<\/strong><\/em><\/p>\n<p><a href=\"http:\/\/static.blogdaresenhageral.com.br\/wp-content\/uploads\/2014\/02\/DSC_0963.jpg\"><img loading=\"lazy\" decoding=\"async\" alt=\"DSC_0963\" src=\"http:\/\/static.blogdaresenhageral.com.br\/wp-content\/uploads\/2014\/02\/DSC_0963.jpg\" width=\"500\" height=\"300\" \/><\/a><\/p>\n<p>Uma colis\u00e3o entre dois carros causou um grande susto aos condutores na manh\u00e3 desta segunda-feira (24). A batida aconteceu no cruzamento das rua Jonas Hort\u00e9lio e Waldemar S\u00e1 Porto.<\/p>\n<p>Segundo informa\u00e7\u00f5es de testemunhas, o ve\u00edculo Ford Ka seguia pela rua Waldemar S\u00e1 Porto, quando foi atingido, pela lateral traseira, por um Chery branco, que subia a rua Jonas Hort\u00e9lio. O motorista do Ford Ka perdeu o controle e tombou.<\/p>\n<p>O SAMU 192 foi acionado para retirar o motorista que ficou preso dentro do carro tombado. Mas tudo ficou apenas no susto; o motorista foi retirado do ve\u00edculo sem ferimentos graves. Blog da Resenha<\/p>\n","protected":false},"excerpt":{"rendered":"<p>Foto: Rafael Gusm\u00e3o Uma colis\u00e3o entre dois carros causou um grande susto aos condutores na manh\u00e3 desta segunda-feira (24). A batida aconteceu no cruzamento das rua Jonas Hort\u00e9lio e Waldemar S\u00e1 Porto. Segundo informa\u00e7\u00f5es de testemunhas, o ve\u00edculo Ford Ka seguia pela rua Waldemar S\u00e1 Porto, quando foi atingido, pela lateral traseira, por um Chery branco, que subia a rua Jonas Hort\u00e9lio. O motorista do Ford Ka perdeu o controle e tombou. O SAMU 192 foi acionado para retirar o motorista que ficou preso dentro do carro tombado. Mas tudo ficou apenas no susto; o motorista foi retirado do ve\u00edculo&#8230;<\/p>\n","protected":false},"author":2,"featured_media":0,"comment_status":"open","ping_status":"open","sticky":false,"template":"","format":"standard","meta":{"footnotes":"","_links_to":"","_links_to_target":""},"categories":[6],"tags":[],"class_list":["post-56712","post","type-post","status-publish","format-standard","hentry","category-noticias"],"acf":[],"views":427,"_links":{"self":[{"href":"https:\/\/www.walcordeiro.com.br\/v1\/wp-json\/wp\/v2\/posts\/56712","targetHints":{"allow":["GET"]}}],"collection":[{"href":"https:\/\/www.walcordeiro.com.br\/v1\/wp-json\/wp\/v2\/posts"}],"about":[{"href":"https:\/\/www.walcordeiro.com.br\/v1\/wp-json\/wp\/v2\/types\/post"}],"author":[{"embeddable":true,"href":"https:\/\/www.walcordeiro.com.br\/v1\/wp-json\/wp\/v2\/users\/2"}],"replies":[{"embeddable":true,"href":"https:\/\/www.walcordeiro.com.br\/v1\/wp-json\/wp\/v2\/comments?post=56712"}],"version-history":[{"count":1,"href":"https:\/\/www.walcordeiro.com.br\/v1\/wp-json\/wp\/v2\/posts\/56712\/revisions"}],"predecessor-version":[{"id":56713,"href":"https:\/\/www.walcordeiro.com.br\/v1\/wp-json\/wp\/v2\/posts\/56712\/revisions\/56713"}],"wp:attachment":[{"href":"https:\/\/www.walcordeiro.com.br\/v1\/wp-json\/wp\/v2\/media?parent=56712"}],"wp:term":[{"taxonomy":"category","embeddable":true,"href":"https:\/\/www.walcordeiro.com.br\/v1\/wp-json\/wp\/v2\/categories?post=56712"},{"taxonomy":"post_tag","embeddable":true,"href":"https:\/\/www.walcordeiro.com.br\/v1\/wp-json\/wp\/v2\/tags?post=56712"}],"curies":[{"name":"wp","href":"https:\/\/api.w.org\/{rel}","templated":true}]}}