{"id":54421,"date":"2014-01-09T08:04:12","date_gmt":"2014-01-09T11:04:12","guid":{"rendered":"http:\/\/www.walcordeiro.com.br\/v1\/?p=54421"},"modified":"2014-01-09T08:04:12","modified_gmt":"2014-01-09T11:04:12","slug":"apos-grave-acidente-na-br-116-caminhoneiro-perde-controle-de-veiculo-e-leva-grande-susto","status":"publish","type":"post","link":"https:\/\/www.walcordeiro.com.br\/v1\/2014\/01\/09\/apos-grave-acidente-na-br-116-caminhoneiro-perde-controle-de-veiculo-e-leva-grande-susto\/","title":{"rendered":"Ap\u00f3s grave acidente na BR 116, caminhoneiro perde controle de ve\u00edculo e leva grande susto"},"content":{"rendered":"<p>&nbsp;<\/p>\n<p><a href=\"http:\/\/static.blogdaresenhageral.com.br\/wp-content\/uploads\/2014\/01\/IMG_2795.jpg\"><img loading=\"lazy\" decoding=\"async\" alt=\"IMG_2795\" src=\"http:\/\/static.blogdaresenhageral.com.br\/wp-content\/uploads\/2014\/01\/IMG_2795.jpg\" width=\"500\" height=\"299\" \/><\/a><\/p>\n<p>Logo ap\u00f3s a colis\u00e3o que vitimou o ex-procurador da Prefeitura Municipal de Vit\u00f3ria da Conquista e a enfermeira conquistense, na BR 116, um acidente, dessa vez sem v\u00edtimas, ocorreu a 200 metros do mesmo local.<\/p>\n<p>Um caminhoneiro sergipano, que transportava um tanque para caminh\u00e3o pipa, perdeu o controle do carro e caiu no desn\u00edvel da rodovia. O acidente causou apenas um susto no condutor, que saiu de S\u00e3o Paulo em dire\u00e7\u00e3o a sua cidade natal, Campo do Brito.<\/p>\n<p>O caminhoneiro alegou que, para n\u00e3o colidir com os demais ve\u00edculos que observavam o local do acidente anterior, teve de fazer uma manobra brusca. Blog da Resenha<\/p>\n","protected":false},"excerpt":{"rendered":"<p>&nbsp; Logo ap\u00f3s a colis\u00e3o que vitimou o ex-procurador da Prefeitura Municipal de Vit\u00f3ria da Conquista e a enfermeira conquistense, na BR 116, um acidente, dessa vez sem v\u00edtimas, ocorreu a 200 metros do mesmo local. Um caminhoneiro sergipano, que transportava um tanque para caminh\u00e3o pipa, perdeu o controle do carro e caiu no desn\u00edvel da rodovia. O acidente causou apenas um susto no condutor, que saiu de S\u00e3o Paulo em dire\u00e7\u00e3o a sua cidade natal, Campo do Brito. O caminhoneiro alegou que, para n\u00e3o colidir com os demais ve\u00edculos que observavam o local do acidente anterior, teve de fazer&#8230;<\/p>\n","protected":false},"author":2,"featured_media":0,"comment_status":"open","ping_status":"open","sticky":false,"template":"","format":"standard","meta":{"footnotes":"","_links_to":"","_links_to_target":""},"categories":[6],"tags":[],"class_list":["post-54421","post","type-post","status-publish","format-standard","hentry","category-noticias"],"acf":[],"views":976,"_links":{"self":[{"href":"https:\/\/www.walcordeiro.com.br\/v1\/wp-json\/wp\/v2\/posts\/54421","targetHints":{"allow":["GET"]}}],"collection":[{"href":"https:\/\/www.walcordeiro.com.br\/v1\/wp-json\/wp\/v2\/posts"}],"about":[{"href":"https:\/\/www.walcordeiro.com.br\/v1\/wp-json\/wp\/v2\/types\/post"}],"author":[{"embeddable":true,"href":"https:\/\/www.walcordeiro.com.br\/v1\/wp-json\/wp\/v2\/users\/2"}],"replies":[{"embeddable":true,"href":"https:\/\/www.walcordeiro.com.br\/v1\/wp-json\/wp\/v2\/comments?post=54421"}],"version-history":[{"count":1,"href":"https:\/\/www.walcordeiro.com.br\/v1\/wp-json\/wp\/v2\/posts\/54421\/revisions"}],"predecessor-version":[{"id":54422,"href":"https:\/\/www.walcordeiro.com.br\/v1\/wp-json\/wp\/v2\/posts\/54421\/revisions\/54422"}],"wp:attachment":[{"href":"https:\/\/www.walcordeiro.com.br\/v1\/wp-json\/wp\/v2\/media?parent=54421"}],"wp:term":[{"taxonomy":"category","embeddable":true,"href":"https:\/\/www.walcordeiro.com.br\/v1\/wp-json\/wp\/v2\/categories?post=54421"},{"taxonomy":"post_tag","embeddable":true,"href":"https:\/\/www.walcordeiro.com.br\/v1\/wp-json\/wp\/v2\/tags?post=54421"}],"curies":[{"name":"wp","href":"https:\/\/api.w.org\/{rel}","templated":true}]}}