{"id":53387,"date":"2013-12-10T16:00:48","date_gmt":"2013-12-10T19:00:48","guid":{"rendered":"http:\/\/www.walcordeiro.com.br\/v1\/?p=53387"},"modified":"2013-12-10T16:00:48","modified_gmt":"2013-12-10T19:00:48","slug":"fibra-otica-rompe-e-144-mil-ficam-sem-sinal-da-oi-em-conquista","status":"publish","type":"post","link":"https:\/\/www.walcordeiro.com.br\/v1\/2013\/12\/10\/fibra-otica-rompe-e-144-mil-ficam-sem-sinal-da-oi-em-conquista\/","title":{"rendered":"Fibra \u00f3tica rompe e 144 mil ficam sem sinal da Oi em Conquista"},"content":{"rendered":"<p>&nbsp;<\/p>\n<p><strong>Na manh\u00e3 desta ter\u00e7a-feira (10) os clientes da operadora ficaram impossibilitados de realizar qualquer tipo de servi\u00e7o.<\/strong><\/p>\n<p><a href=\"http:\/\/i.imgur.com\/o2H4Poc.jpg\" data-group=\"group15\"><img decoding=\"async\" alt=\"\" src=\"http:\/\/i.imgur.com\/o2H4Poc.jpg\" width=\"320\" \/><\/a><\/p>\n<p>Um acidente ocorrido entre as cidades de Po\u00e7\u00f5es e Vit\u00f3ria da Conquista, no sudoeste da Bahia, provocou o rompimento de uma rede de fibra \u00f3tica que gera sinal de telefonia m\u00f3vel, provocando a interrup\u00e7\u00e3o de 144.113 terminais celulares a rede m\u00f3vel e 19.989 terminais de internet na cidade.<\/p>\n<p>Segundo informa\u00e7\u00f5es obtidas exclusivamente pelo blog do F\u00e1bio Sena, as equipes respons\u00e1veis j\u00e1 se encontram no local, com previs\u00e3o de restabelecimento as linhas \u00e0s 14h.<!--more--><\/p>\n<p><strong>Pane<\/strong><\/p>\n<p>A operadora OI voltou a dar pane na capital do Sudoeste. Na manh\u00e3 desta ter\u00e7a-feira (10) os clientes da operadora ficaram impossibilitados de realizar qualquer tipo de servi\u00e7o da marca. Por meio das redes sociais, a popula\u00e7\u00e3o reclama e cobra provid\u00eancias. O problema acontece logo ap\u00f3s o Procon de Conquista multar a operadora no valor de R$300 mil. A empresa ainda n\u00e3o se manifestou sobre o assunto. Com informa\u00e7\u00f5es do Blog do Rodrigo Ferraz.<\/p>\n","protected":false},"excerpt":{"rendered":"<p>&nbsp; Na manh\u00e3 desta ter\u00e7a-feira (10) os clientes da operadora ficaram impossibilitados de realizar qualquer tipo de servi\u00e7o. Um acidente ocorrido entre as cidades de Po\u00e7\u00f5es e Vit\u00f3ria da Conquista, no sudoeste da Bahia, provocou o rompimento de uma rede de fibra \u00f3tica que gera sinal de telefonia m\u00f3vel, provocando a interrup\u00e7\u00e3o de 144.113 terminais celulares a rede m\u00f3vel e 19.989 terminais de internet na cidade. Segundo informa\u00e7\u00f5es obtidas exclusivamente pelo blog do F\u00e1bio Sena, as equipes respons\u00e1veis j\u00e1 se encontram no local, com previs\u00e3o de restabelecimento as linhas \u00e0s 14h.<\/p>\n","protected":false},"author":2,"featured_media":0,"comment_status":"open","ping_status":"open","sticky":false,"template":"","format":"standard","meta":{"footnotes":"","_links_to":"","_links_to_target":""},"categories":[6],"tags":[],"class_list":["post-53387","post","type-post","status-publish","format-standard","hentry","category-noticias"],"acf":[],"views":599,"_links":{"self":[{"href":"https:\/\/www.walcordeiro.com.br\/v1\/wp-json\/wp\/v2\/posts\/53387","targetHints":{"allow":["GET"]}}],"collection":[{"href":"https:\/\/www.walcordeiro.com.br\/v1\/wp-json\/wp\/v2\/posts"}],"about":[{"href":"https:\/\/www.walcordeiro.com.br\/v1\/wp-json\/wp\/v2\/types\/post"}],"author":[{"embeddable":true,"href":"https:\/\/www.walcordeiro.com.br\/v1\/wp-json\/wp\/v2\/users\/2"}],"replies":[{"embeddable":true,"href":"https:\/\/www.walcordeiro.com.br\/v1\/wp-json\/wp\/v2\/comments?post=53387"}],"version-history":[{"count":1,"href":"https:\/\/www.walcordeiro.com.br\/v1\/wp-json\/wp\/v2\/posts\/53387\/revisions"}],"predecessor-version":[{"id":53388,"href":"https:\/\/www.walcordeiro.com.br\/v1\/wp-json\/wp\/v2\/posts\/53387\/revisions\/53388"}],"wp:attachment":[{"href":"https:\/\/www.walcordeiro.com.br\/v1\/wp-json\/wp\/v2\/media?parent=53387"}],"wp:term":[{"taxonomy":"category","embeddable":true,"href":"https:\/\/www.walcordeiro.com.br\/v1\/wp-json\/wp\/v2\/categories?post=53387"},{"taxonomy":"post_tag","embeddable":true,"href":"https:\/\/www.walcordeiro.com.br\/v1\/wp-json\/wp\/v2\/tags?post=53387"}],"curies":[{"name":"wp","href":"https:\/\/api.w.org\/{rel}","templated":true}]}}