{"id":52972,"date":"2013-11-23T20:08:30","date_gmt":"2013-11-23T23:08:30","guid":{"rendered":"http:\/\/www.walcordeiro.com.br\/v1\/?p=52972"},"modified":"2013-11-23T20:08:30","modified_gmt":"2013-11-23T23:08:30","slug":"estado-de-saude-de-genoino-evoluiu-mas-deputado-ainda-tem-picos-hipertensivos","status":"publish","type":"post","link":"https:\/\/www.walcordeiro.com.br\/v1\/2013\/11\/23\/estado-de-saude-de-genoino-evoluiu-mas-deputado-ainda-tem-picos-hipertensivos\/","title":{"rendered":"Estado de sa\u00fade de Genoino evoluiu, mas deputado ainda tem picos hipertensivos"},"content":{"rendered":"<p>&nbsp;<\/p>\n<p><em>\u00a0Ag\u00eancia Brasil<\/em><\/p>\n<p>Bras\u00edlia \u2013 O estado de sa\u00fade do deputado Jos\u00e9 Genoino &#8220;evoluiu&#8221; nas \u00faltimas 24 horas, segundo informou boletim m\u00e9dico do Instituto de Cardiologia do Distrito Federal (ICDF), divulgado no in\u00edcio da noite deste s\u00e1bado (23). De acordo com a nota, &#8220;os par\u00e2metros de coagula\u00e7\u00e3o sangu\u00ednea apresentaram melhoras, mas Genoino manteve picos hipertensivos&#8221;. O boletim informa ainda que as doses de medicamentos est\u00e3o sendo ajustadas e que Genoino permanecer\u00e1 internado.<\/p>\n<p>Mais cedo o deputado passou por exames feitos por uma junta m\u00e9dica do Hospital Universit\u00e1rio de Bras\u00edlia (HUB), que encaminhar\u00e1 um laudo ao ministro do Supremo Tribunal Federal (STF), Joaquim Barbosa. Com base no parecer, o ministro vai decidir se Genoino volta para a Penitenci\u00e1ria da Papuda, em Bras\u00edlia, ou se continua cumprindo a pena em pris\u00e3o domiciliar.<\/p>\n<p>Logo depois da visita da junta m\u00e9dica, o suplente de Genoino, deputado Renato Sim\u00f5es (PT-SP) esteve no ICDF. Segundo ele, o deputado preso est\u00e1 confiante de que o parecer dos m\u00e9dicos do HUB vai contribuir para a concess\u00e3o da pris\u00e3o domiciliar e disse que ele demonstra mais \u201c\u00e2nimo\u201d no hospital por estar mais seguro de que suas condi\u00e7\u00f5es de sa\u00fade est\u00e3o sendo garantidas.<!--more--><\/p>\n<p><img decoding=\"async\" alt=\"\" src=\"http:\/\/agenciabrasil.ebc.com.br\/sites\/_agenciabrasil\/files\/imagecache\/300x225\/gallery_assist\/26\/gallery_assist734972\/prev\/Renato%20Simoes_visita_Genoino_2813.JPG\" \/><\/p>\n<p>Renato Sim\u00f5es considera a atual situa\u00e7\u00e3o de pris\u00e3o de Genoino \u201cirregular\u201d e diz que na penitenci\u00e1ria ele n\u00e3o ter\u00e1 como receber o acompanhamento de sa\u00fade necess\u00e1rio. \u201cO deputado Jos\u00e9 Genonino tem problemas card\u00edacos grav\u00edssimos, ainda mais na situa\u00e7\u00e3o de convalescen\u00e7a em que ele se encontra, depois da cirurgia. \u00c9 necess\u00e1rio acompanhar de forma quase que permanente as suas condi\u00e7\u00f5es sangu\u00edneas para adequar, a cada mudan\u00e7a na densidade do sangue, a dieta e a dosagem de medicamentos. Isso \u00e9 feito pela fam\u00edlia de forma permanente e, quando necess\u00e1rio, com o deslocamento dele para uma unidade de sa\u00fade. Na pris\u00e3o n\u00e3o h\u00e1 condi\u00e7\u00e3o de fazer esse tipo de monitoramento e de [oferecer a] aten\u00e7\u00e3o de que ele necessita\u201d, alegou o deputado suplente.<\/p>\n<p>Jos\u00e9 Genoino aguarda ainda a visita de uma junta m\u00e9dica da C\u00e2mara dos Deputados que tamb\u00e9m vai examinar as condi\u00e7\u00f5es de sa\u00fade dele para a poss\u00edvel concess\u00e3o de aposentadoria por invalidez, solicitada por Genoino em setembro. Segundo Renato Sim\u00f5es, \u201co exerc\u00edcio do mandato parlamentar \u00e9 fonte de tens\u00f5es permanentes que s\u00e3o incompat\u00edveis com a manuten\u00e7\u00e3o do quadro de sa\u00fade est\u00e1vel\u201d do deputado, o que justifica o pedido de aposentadoria.<\/p>\n<p>Se a aposentadoria por invalidez n\u00e3o for concedida pela C\u00e2mara, Genoino vai passar ainda por um processo de cassa\u00e7\u00e3o de mandato. Embora a decis\u00e3o do STF \u2013 que o condenou no processo do mensal\u00e3o, inclua a determina\u00e7\u00e3o de perda autom\u00e1tica do mandato parlamentar, o presidente da C\u00e2mara dos Deputados, Henrique Eduardo Alves (PMDB-RN), j\u00e1 avisou que vai instaurar processo normal de cassa\u00e7\u00e3o, que inclui vota\u00e7\u00e3o em plen\u00e1rio. Henrique Alves disse ainda que o processo para retirar o mandato de Jos\u00e9 Genoino s\u00f3 come\u00e7ar\u00e1 depois que o Senado aprovar a proposta de emenda \u00e0 Constitui\u00e7\u00e3o (PEC) que acaba com o voto secreto dos parlamentares nesses casos.<\/p>\n<p>&nbsp;<\/p>\n","protected":false},"excerpt":{"rendered":"<p>&nbsp; \u00a0Ag\u00eancia Brasil Bras\u00edlia \u2013 O estado de sa\u00fade do deputado Jos\u00e9 Genoino &#8220;evoluiu&#8221; nas \u00faltimas 24 horas, segundo informou boletim m\u00e9dico do Instituto de Cardiologia do Distrito Federal (ICDF), divulgado no in\u00edcio da noite deste s\u00e1bado (23). De acordo com a nota, &#8220;os par\u00e2metros de coagula\u00e7\u00e3o sangu\u00ednea apresentaram melhoras, mas Genoino manteve picos hipertensivos&#8221;. O boletim informa ainda que as doses de medicamentos est\u00e3o sendo ajustadas e que Genoino permanecer\u00e1 internado. Mais cedo o deputado passou por exames feitos por uma junta m\u00e9dica do Hospital Universit\u00e1rio de Bras\u00edlia (HUB), que encaminhar\u00e1 um laudo ao ministro do Supremo Tribunal Federal&#8230;<\/p>\n","protected":false},"author":2,"featured_media":0,"comment_status":"open","ping_status":"open","sticky":false,"template":"","format":"standard","meta":{"footnotes":"","_links_to":"","_links_to_target":""},"categories":[6],"tags":[],"class_list":["post-52972","post","type-post","status-publish","format-standard","hentry","category-noticias"],"acf":[],"views":520,"_links":{"self":[{"href":"https:\/\/www.walcordeiro.com.br\/v1\/wp-json\/wp\/v2\/posts\/52972","targetHints":{"allow":["GET"]}}],"collection":[{"href":"https:\/\/www.walcordeiro.com.br\/v1\/wp-json\/wp\/v2\/posts"}],"about":[{"href":"https:\/\/www.walcordeiro.com.br\/v1\/wp-json\/wp\/v2\/types\/post"}],"author":[{"embeddable":true,"href":"https:\/\/www.walcordeiro.com.br\/v1\/wp-json\/wp\/v2\/users\/2"}],"replies":[{"embeddable":true,"href":"https:\/\/www.walcordeiro.com.br\/v1\/wp-json\/wp\/v2\/comments?post=52972"}],"version-history":[{"count":1,"href":"https:\/\/www.walcordeiro.com.br\/v1\/wp-json\/wp\/v2\/posts\/52972\/revisions"}],"predecessor-version":[{"id":52973,"href":"https:\/\/www.walcordeiro.com.br\/v1\/wp-json\/wp\/v2\/posts\/52972\/revisions\/52973"}],"wp:attachment":[{"href":"https:\/\/www.walcordeiro.com.br\/v1\/wp-json\/wp\/v2\/media?parent=52972"}],"wp:term":[{"taxonomy":"category","embeddable":true,"href":"https:\/\/www.walcordeiro.com.br\/v1\/wp-json\/wp\/v2\/categories?post=52972"},{"taxonomy":"post_tag","embeddable":true,"href":"https:\/\/www.walcordeiro.com.br\/v1\/wp-json\/wp\/v2\/tags?post=52972"}],"curies":[{"name":"wp","href":"https:\/\/api.w.org\/{rel}","templated":true}]}}