{"id":5129,"date":"2010-04-06T07:38:16","date_gmt":"2010-04-06T10:38:16","guid":{"rendered":"http:\/\/www.walcordeiro.com.br\/v1\/?p=5129"},"modified":"2010-04-06T07:38:16","modified_gmt":"2010-04-06T10:38:16","slug":"jogadores-evangelicos-famosos-se-recusam-a-fazer-acao-social-com-pessoas-com-paralisia-cerebral-devido-a-entidade-ser-mantida-por-espiritas","status":"publish","type":"post","link":"https:\/\/www.walcordeiro.com.br\/v1\/2010\/04\/06\/jogadores-evangelicos-famosos-se-recusam-a-fazer-acao-social-com-pessoas-com-paralisia-cerebral-devido-a-entidade-ser-mantida-por-espiritas\/","title":{"rendered":"Jogadores evang\u00e9licos famosos se recusam a fazer a\u00e7\u00e3o social com pessoas com paralisia cerebral devido a entidade ser mantida por esp\u00edritas"},"content":{"rendered":"<p>A atitude de alguns jogadores do Santos gerou pol\u00eamica devido ao incidente em que boa parte do elenco preferiu ficar no \u00f4nibus do clube em vez de entrar no Lar Mensageiros da Luz, que atende pessoas portadoras de paralisia mental e de outras defici\u00eancias, para fazer caridade.<\/p>\n<p style=\"text-align: center;\"><a title=\"Musica Gospel\" href=\"http:\/\/musica.gospelmais.com.br\/\"><img loading=\"lazy\" decoding=\"async\" class=\"aligncenter\" src=\"http:\/\/noticias.gospelmais.com.br\/wp-content\/themes\/gnoticias\/scripts\/timthumb.php?src=http:\/\/noticias.gospelmais.com.br\/\/wp-content\/uploads\/2010\/04\/instituicao-espirita.jpg&amp;w=150&amp;h=150&amp;zc=1&amp;q=100\" alt=\"Jogadores evang\u00e9licos famosos se recusam a fazer a\u00e7\u00e3o social com pessoas com paralisia cerebral devido a entidade ser mantida por esp\u00edritas\" width=\"150\" height=\"150\" \/><\/a><\/p>\n<p>O atacante evang\u00e9lico Neymar, da Igreja Peniel, reconheceu que errou e pediu desculpas por sua atitude:<\/p>\n<p>&#8211; Cheguei em casa, conversei com o meu pai, e percebi como foi ruim a nossa postura. Jamais vou repetir. Temos que pedir desculpas. Fiquei sabendo dos rituais religiosos realizados no local quando cheguei l\u00e1. Tomei essa atitude pois tinha receio de n\u00e3o me sentir bem. Pretendo voltar para visitar o pessoal.<!--more--><\/p>\n<p>O atacante do Santos e da sele\u00e7\u00e3o brasileira Robinho tamb\u00e9m falou sobre o epis\u00f3dio, mas ao contr\u00e1rio do jovem atacante, n\u00e3o se mostrou arrependido e apontou a quest\u00e3o religiosa como justificativa para que o grupo, formado pelo pr\u00f3prio Robinho, L\u00e9o, F\u00e1bio Costa, Marquinhos, Andr\u00e9 e Neymar, entre outros, n\u00e3o tenha participado do ato de solidariedade. Apenas 11 atletas contribu\u00edram com a a\u00e7\u00e3o.<\/p>\n<p>&#8211; S\u00f3 ficamos sabendo quando chegamos ao local que se tratava de um ambiente esp\u00edrita. Cada jogador tomou a atitude que achou conveniente, e acho que a religi\u00e3o de cada um precisa ser respeitada.<\/p>\n<p>O capit\u00e3o do time, em entrevista \u00e0 TV Bandeirantes, ainda saiu em defesa de Roberto Brum, que ao saber que a entidade era mantida por esp\u00edritas, nem se quer entrou no \u00f4nibus para se dirigir ao local. Robinho negou que a medida adotada pelo grupo tenha partido do volante, conhecido por suas convic\u00e7\u00f5es religiosas \u2013 o meio-campista \u00e9 evang\u00e9lico pentencostal praticante, assim como v\u00e1rios outros atletas do elenco.<\/p>\n<p>&#8211; Ningu\u00e9m orientou a gente para que tom\u00e1ssemos essa atitude. Ela foi movida pela religiosidade de cada um. Por isso, posso garantir que n\u00e3o fomos pilhados pelo Brum nem por ningu\u00e9m.<\/p>\n<p>Irritado com a repercuss\u00e3o que o caso vem tomando, inclusive entre os pr\u00f3prios torcedores santistas, indignados com o fato, Robinho tentou minimizar o ocorrido.<\/p>\n<p>&#8211; N\u00e3o sou moleque e arco com as consequ\u00eancias dos meus atos. S\u00f3 que isso n\u00e3o tem que virar pol\u00eamica.<\/p>\n<p>Darival, t\u00e9cnico do Santos tamb\u00e9m reprovou a atitude:<\/p>\n<p>&#8211; Respeito a posi\u00e7\u00e3o dos jogadores, e, obviamente n\u00e3o comungo. A inten\u00e7\u00e3o era mostrarmos o trabalho da casa e as necessidades que eles passam. O recado foi dado. A posi\u00e7\u00e3o dos jogadores \u00e9 dif\u00edcil de entender, n\u00e3o sei os motivos reais para essa decis\u00e3o deles \u2013 disse Dorival.<\/p>\n<h2>Casa Esp\u00edrita Mensageiro da Luz<\/h2>\n<p>Uma casa de caridade que desde 1970 cuida de pessoas com paralisia cerebral. Foi no Lar Esp\u00edrita Mensageiros da Luz, localizado no canal 3 e que atualmente cuida de 34 pessoas, que o Santos resolveu aparecer para doar simbolicamente 600 ovos de P\u00e1scoa, que na realidade ser\u00e3o vendidos na loja do clube, na Vila Belmiro. O dinheiro arrecadado ser\u00e1 totalmente revertido para a institui\u00e7\u00e3o.<\/p>\n<p>Boa parte do elenco preferiu ficar no \u00f4nibus. S\u00f3 desceram 11 atletas: Felipe, Wladimir, Edu Dracena, Z\u00e9 Eduardo, Arouca, Par\u00e1, Gil, Maikon Leite, Breitner, Zezinho e Wesley. O <a onclick=\"hwClick1115680(undefined);return false;\" onmouseover=\"hw1115680(event, this, 'undefined'); this.style.cursor='hand'; this.style.textDecoration='underline'; this.style.borderBottom='solid';\" onmouseout=\"hideMaybe('HOTWordsTitle'); this.style.cursor='hand'; this.style.textDecoration='underline'; this.style.borderBottom='dotted 1px'; \" href=\"#\">meia<\/a> Paulo Henrique Ganso, por exemplo, estava entrando no local, quando foi chamado por algu\u00e9m do \u00f4nibus, subiu e n\u00e3o voltou mais. Os jornalistas presentes ainda escutaram, em alguns momentos, uma batucada dentro do \u00f4nibus.<\/p>\n<p>&#8211; Temos de esquecer isso e pensar apenas no maravilhoso trabalho que \u00e9 feito nessa institui\u00e7\u00e3o. E eles est\u00e3o precisando de ajuda. Aqui, \u00e9 o ser humano que precisa ser valorizado \u2013 afirmou o t\u00e9cnico do Santos.<\/p>\n<p>&#8211; N\u00e3o tem como n\u00e3o se emocionar. Essas pessoas s\u00e3o lutadoras e merecem tudo de bom da vida \u2013 ressaltou Felipe, o atual goleiro titular, ao lado de um portador de paralisia cerebral.<\/p>\n<p>Fonte: <a href=\"http:\/\/gospelmais.com.br\/\" target=\"_blank\">Gospel+<br \/>\n<\/a>Com informa\u00e7\u00f5es de R7 e G1<\/p>\n","protected":false},"excerpt":{"rendered":"<p>A atitude de alguns jogadores do Santos gerou pol\u00eamica devido ao incidente em que boa parte do elenco preferiu ficar no \u00f4nibus do clube em vez de entrar no Lar Mensageiros da Luz, que atende pessoas portadoras de paralisia mental e de outras defici\u00eancias, para fazer caridade. O atacante evang\u00e9lico Neymar, da Igreja Peniel, reconheceu que errou e pediu desculpas por sua atitude: &#8211; Cheguei em casa, conversei com o meu pai, e percebi como foi ruim a nossa postura. Jamais vou repetir. Temos que pedir desculpas. Fiquei sabendo dos rituais religiosos realizados no local quando cheguei l\u00e1. Tomei essa&#8230;<\/p>\n","protected":false},"author":2,"featured_media":0,"comment_status":"open","ping_status":"open","sticky":false,"template":"","format":"standard","meta":{"footnotes":"","_links_to":"","_links_to_target":""},"categories":[6],"tags":[2531,2532,2533,2534,638,2535,2536,799],"class_list":["post-5129","post","type-post","status-publish","format-standard","hentry","category-noticias","tag-atletas-de-cristo","tag-instituicao-espirita","tag-jogadores-do-santos","tag-jogadores-evangelicos","tag-neymar","tag-neymar-evangelico","tag-roberto-brum","tag-robinho"],"acf":[],"views":1614,"_links":{"self":[{"href":"https:\/\/www.walcordeiro.com.br\/v1\/wp-json\/wp\/v2\/posts\/5129","targetHints":{"allow":["GET"]}}],"collection":[{"href":"https:\/\/www.walcordeiro.com.br\/v1\/wp-json\/wp\/v2\/posts"}],"about":[{"href":"https:\/\/www.walcordeiro.com.br\/v1\/wp-json\/wp\/v2\/types\/post"}],"author":[{"embeddable":true,"href":"https:\/\/www.walcordeiro.com.br\/v1\/wp-json\/wp\/v2\/users\/2"}],"replies":[{"embeddable":true,"href":"https:\/\/www.walcordeiro.com.br\/v1\/wp-json\/wp\/v2\/comments?post=5129"}],"version-history":[{"count":1,"href":"https:\/\/www.walcordeiro.com.br\/v1\/wp-json\/wp\/v2\/posts\/5129\/revisions"}],"predecessor-version":[{"id":5130,"href":"https:\/\/www.walcordeiro.com.br\/v1\/wp-json\/wp\/v2\/posts\/5129\/revisions\/5130"}],"wp:attachment":[{"href":"https:\/\/www.walcordeiro.com.br\/v1\/wp-json\/wp\/v2\/media?parent=5129"}],"wp:term":[{"taxonomy":"category","embeddable":true,"href":"https:\/\/www.walcordeiro.com.br\/v1\/wp-json\/wp\/v2\/categories?post=5129"},{"taxonomy":"post_tag","embeddable":true,"href":"https:\/\/www.walcordeiro.com.br\/v1\/wp-json\/wp\/v2\/tags?post=5129"}],"curies":[{"name":"wp","href":"https:\/\/api.w.org\/{rel}","templated":true}]}}