{"id":47872,"date":"2012-12-24T10:41:03","date_gmt":"2012-12-24T13:41:03","guid":{"rendered":"http:\/\/www.walcordeiro.com.br\/v1\/?p=47872"},"modified":"2012-12-24T10:41:03","modified_gmt":"2012-12-24T13:41:03","slug":"o-ultimo-natal-na-bahia","status":"publish","type":"post","link":"https:\/\/www.walcordeiro.com.br\/v1\/2012\/12\/24\/o-ultimo-natal-na-bahia\/","title":{"rendered":"O \u00daltimo Natal na Bahia"},"content":{"rendered":"<p>&nbsp;<\/p>\n<p><strong><em>Por Professor Reginaldo de Souza Silva<\/em><\/strong><\/p>\n<p><a href=\"http:\/\/www.blogdaresenhageral.com.br\/v1\/wp-content\/uploads\/PROF-REGINALDO2111112.jpg\"><img loading=\"lazy\" decoding=\"async\" title=\"PROF-REGINALDO211111\" src=\"http:\/\/www.blogdaresenhageral.com.br\/v1\/wp-content\/uploads\/PROF-REGINALDO2111112.jpg\" alt=\"\" width=\"218\" height=\"265\" \/><\/a><\/p>\n<p>Todo jovem deste imenso pa\u00eds chamado Brasil tem sonhos, dificuldades e, acima de tudo, f\u00e9 e esperan\u00e7a. Se outrora \u00e9ramos o pa\u00eds do futuro, hoje somos a quinta economia mundial. E nesse percurso desenvolvimentista, a luta para esperar o \u201cbolo crescer para dividir\u201d levou milhares de crian\u00e7as e de adolescentes para as ruas (meninos de\/na rua), abandonados, drogaditos, marginalizados, em situa\u00e7\u00e3o de risco pessoal e social. Agora somos a \u201cbola da vez\u201d: copa das confedera\u00e7\u00f5es, campeonato mundial, olimp\u00edadas\u2026<\/p>\n<p>Entretanto, nos v\u00e1rios Brasis existentes no Brasil, a situa\u00e7\u00e3o da crian\u00e7a e do adolescente n\u00e3o tem melhorado. Pelo contr\u00e1rio, O cen\u00e1rio \u00e9 de extrema vulnerabilidade para jovens expostos a uma maior incid\u00eancia de mortes precoces e violentas.<\/p>\n<p><!--more--><\/p>\n<p>Segundo o \u00cdndice de Homic\u00eddios na Adolesc\u00eancia (IHA), tr\u00eas adolescentes a cada grupo de mil morrem antes de completar 19 anos. A taxa cresceu 14% entre 2009 e 2010. A estimativa \u00e9 a de que, se n\u00e3o houver queda no \u00edndice nos pr\u00f3ximos anos, 36.735 jovens de 12 a 18 anos sejam mortos, possivelmente por arma de fogo, at\u00e9 2016! O homic\u00eddio, portanto, \u00e9 a principal causa de morte dos adolescentes e equivale a 45,2% do total de \u00f3bitos nessa faixa et\u00e1ria. Esse dado inclui mortes em conflito com a pol\u00edcia, conhecidas como auto de resist\u00eancia.<\/p>\n<p>Realizado em 283 munic\u00edpios com mais de 100 mil habitantes, o IHA mais alto est\u00e1 concentrado nos estados de Alagoas (9,07), Bahia (7,86) e Esp\u00edrito Santo (6,54), que tamb\u00e9m estavam no topo do ranking em 2009. O menor \u00edndice foi identificado em S\u00e3o Paulo (0,94), cuja capital tamb\u00e9m \u00e9 a menos letal para adolescentes. O munic\u00edpio mais violento \u00e9 Itabuna (BA), que registra 10,59 homic\u00eddios em cada grupo de mil jovens. Em seguida v\u00eam Macei\u00f3, com 10,15, Serra (ES), com 8,92 e Ananindeua (PA) com 8,89.<\/p>\n<p>Na Bahia, os munic\u00edpios de Salvador (8,76), Feira de Santana (8,39) e Vit\u00f3ria da Conquista ocupam respectivamente os quinto, sexto e s\u00e9timo lugares nesse ranking. Vivendo apenas de publicidade e viagens internacionais o desgoverno da Bahia parece n\u00e3o enxergar o caos instalado no estado.<\/p>\n<p>Fatores como g\u00eanero e ra\u00e7a aumentam a possibilidade de um jovem ser morto. Em 2010, a chance de um adolescente do sexo masculino ser assassinado era 11,5 vezes maior que a de jovens do sexo feminino. Se o indiv\u00edduo for negro (preto ou pardo), ent\u00e3o, a possibilidade aumenta quase tr\u00eas vezes em rela\u00e7\u00e3o ao branco. At\u00e9 quando nos calaremos diante desse quadro calamitoso? A cada vida jovem que perdemos, uma gera\u00e7\u00e3o inteira \u00e9 afetada. Temos clareza disso?<\/p>\n<p>Nesta \u00e9poca natalina, na qual celebramos a Vida, conclamo a que procuremos cumprir aquilo que Nosso Senhor Jesus Cristo afirma: \u201cEu vim para que todos tenham vida e a tenham plenamente\u201d. O Natal s\u00f3 ter\u00e1 sentido quando a vida em abundancia possa ser garantida a todo(a)s. Neste Natal coloque em seu cora\u00e7\u00e3o a miss\u00e3o de reduzir o \u00edndice de assassinatos de adolescentes com medidas de combate \u00e0 viol\u00eancia letal; o controle de armas de fogo e muni\u00e7\u00e3o; a instaura\u00e7\u00e3o de politicas p\u00fablicas de esporte, lazer, cultura e de empregabilidade; a educa\u00e7\u00e3o de qualidade; moradia, e acima de tudo, respeito. Lembre-se: a probabilidade de um jovem ser morto com rev\u00f3lver ou pistola \u00e9 seis vezes maior do que a de ser morto por qualquer outro meio. Com esse \u00edndice voc\u00ea poderia dizer que o seu filho, sobrinho ou neto est\u00e1 seguro?<\/p>\n<p>\u00c0s milhares de fam\u00edlias baianas que perderam seus jovens e filhos e a todo(a)s aquele(a)s que lutam por um mundo de paz, UM FELIZ NATAL na presen\u00e7a de nosso Senhor Jesus Cristo! E a todos os jovens, que este n\u00e3o seja o seu \u00faltimo natal na Bahia.<\/p>\n<p><em>Prof. Dr. Reginaldo de Souza Silva \u2013 Coordenador do N\u00facleo de Estudos da Crian\u00e7a e do Adolescente \u2013 NECA\/UESB \u2013 reginaldoprof@yahoo.com.br<\/em><\/p>\n","protected":false},"excerpt":{"rendered":"<p>&nbsp; Por Professor Reginaldo de Souza Silva Todo jovem deste imenso pa\u00eds chamado Brasil tem sonhos, dificuldades e, acima de tudo, f\u00e9 e esperan\u00e7a. Se outrora \u00e9ramos o pa\u00eds do futuro, hoje somos a quinta economia mundial. E nesse percurso desenvolvimentista, a luta para esperar o \u201cbolo crescer para dividir\u201d levou milhares de crian\u00e7as e de adolescentes para as ruas (meninos de\/na rua), abandonados, drogaditos, marginalizados, em situa\u00e7\u00e3o de risco pessoal e social. Agora somos a \u201cbola da vez\u201d: copa das confedera\u00e7\u00f5es, campeonato mundial, olimp\u00edadas\u2026 Entretanto, nos v\u00e1rios Brasis existentes no Brasil, a situa\u00e7\u00e3o da crian\u00e7a e do adolescente n\u00e3o&#8230;<\/p>\n","protected":false},"author":2,"featured_media":0,"comment_status":"open","ping_status":"open","sticky":false,"template":"","format":"standard","meta":{"footnotes":"","_links_to":"","_links_to_target":""},"categories":[6],"tags":[],"class_list":["post-47872","post","type-post","status-publish","format-standard","hentry","category-noticias"],"acf":[],"views":563,"_links":{"self":[{"href":"https:\/\/www.walcordeiro.com.br\/v1\/wp-json\/wp\/v2\/posts\/47872","targetHints":{"allow":["GET"]}}],"collection":[{"href":"https:\/\/www.walcordeiro.com.br\/v1\/wp-json\/wp\/v2\/posts"}],"about":[{"href":"https:\/\/www.walcordeiro.com.br\/v1\/wp-json\/wp\/v2\/types\/post"}],"author":[{"embeddable":true,"href":"https:\/\/www.walcordeiro.com.br\/v1\/wp-json\/wp\/v2\/users\/2"}],"replies":[{"embeddable":true,"href":"https:\/\/www.walcordeiro.com.br\/v1\/wp-json\/wp\/v2\/comments?post=47872"}],"version-history":[{"count":2,"href":"https:\/\/www.walcordeiro.com.br\/v1\/wp-json\/wp\/v2\/posts\/47872\/revisions"}],"predecessor-version":[{"id":47874,"href":"https:\/\/www.walcordeiro.com.br\/v1\/wp-json\/wp\/v2\/posts\/47872\/revisions\/47874"}],"wp:attachment":[{"href":"https:\/\/www.walcordeiro.com.br\/v1\/wp-json\/wp\/v2\/media?parent=47872"}],"wp:term":[{"taxonomy":"category","embeddable":true,"href":"https:\/\/www.walcordeiro.com.br\/v1\/wp-json\/wp\/v2\/categories?post=47872"},{"taxonomy":"post_tag","embeddable":true,"href":"https:\/\/www.walcordeiro.com.br\/v1\/wp-json\/wp\/v2\/tags?post=47872"}],"curies":[{"name":"wp","href":"https:\/\/api.w.org\/{rel}","templated":true}]}}