{"id":46837,"date":"2012-10-16T06:17:58","date_gmt":"2012-10-16T09:17:58","guid":{"rendered":"http:\/\/www.walcordeiro.com.br\/v1\/?p=46837"},"modified":"2012-10-16T06:17:58","modified_gmt":"2012-10-16T09:17:58","slug":"homem-e-assassinado-ao-chegar-em-casa","status":"publish","type":"post","link":"https:\/\/www.walcordeiro.com.br\/v1\/2012\/10\/16\/homem-e-assassinado-ao-chegar-em-casa\/","title":{"rendered":"Homem \u00e9 assassinado ao chegar em casa"},"content":{"rendered":"<p>&nbsp;<br \/>\n<img loading=\"lazy\" decoding=\"async\" title=\"DSCF2940\" src=\"http:\/\/blitzconquista.com.br\/wp-content\/uploads\/2012\/10\/DSCF2940-300x162.jpg\" alt=\"DSCF2940\" width=\"300\" height=\"162\" \/><\/p>\n<p>Maur\u00edcio Lima de Carvalho, 36 anos, foi abatido a tiros, por volta das 23h30 desta segunda-feira (15), quando chegava em sua resid\u00eancia na Rua das Antilhas, bairro Alto Maron. Ele chegou a bater na porta, mas antes que o seu pai fosse abrir ele foi alvejado com v\u00e1rios tiros.<\/p>\n<p>O pai de Maur\u00edcio chegou a ouvir os disparos. Mas quando abriu o port\u00e3o deparou-se com o seu filho ca\u00eddo na cal\u00e7ada.<\/p>\n<p><a href=\"http:\/\/blitzconquista.com.br\/wp-content\/uploads\/2012\/10\/DSCF2946.jpg\"><img loading=\"lazy\" decoding=\"async\" title=\"DSCF2946\" src=\"http:\/\/blitzconquista.com.br\/wp-content\/uploads\/2012\/10\/DSCF2946.jpg\" alt=\"\" width=\"229\" height=\"224\" \/><\/a><\/p>\n<p>O Samu 192 foi acionado, bem como a Pol\u00edcia Militar, por\u00e9m Maur\u00edcio j\u00e1 estava sem vida e os criminosos j\u00e1 tinham fugido.<\/p>\n<p>Minutos depois a equipe da Pol\u00edcia Civil do Silc \u2013 Servi\u00e7o de Investiga\u00e7\u00e3o em Local de Crime chegou ao local e come\u00e7ou a colher dados para o in\u00edcio das investiga\u00e7\u00f5es.<\/p>\n<p>Segundo a pol\u00edcia, Maur\u00edcio j\u00e1 tinha passagens pela delegacia por roubo. Blitz Conquista<\/p>\n","protected":false},"excerpt":{"rendered":"<p>&nbsp; Maur\u00edcio Lima de Carvalho, 36 anos, foi abatido a tiros, por volta das 23h30 desta segunda-feira (15), quando chegava em sua resid\u00eancia na Rua das Antilhas, bairro Alto Maron. Ele chegou a bater na porta, mas antes que o seu pai fosse abrir ele foi alvejado com v\u00e1rios tiros. O pai de Maur\u00edcio chegou a ouvir os disparos. Mas quando abriu o port\u00e3o deparou-se com o seu filho ca\u00eddo na cal\u00e7ada. O Samu 192 foi acionado, bem como a Pol\u00edcia Militar, por\u00e9m Maur\u00edcio j\u00e1 estava sem vida e os criminosos j\u00e1 tinham fugido. Minutos depois a equipe da Pol\u00edcia&#8230;<\/p>\n","protected":false},"author":2,"featured_media":0,"comment_status":"open","ping_status":"open","sticky":false,"template":"","format":"standard","meta":{"footnotes":"","_links_to":"","_links_to_target":""},"categories":[6],"tags":[],"class_list":["post-46837","post","type-post","status-publish","format-standard","hentry","category-noticias"],"acf":[],"views":393,"_links":{"self":[{"href":"https:\/\/www.walcordeiro.com.br\/v1\/wp-json\/wp\/v2\/posts\/46837","targetHints":{"allow":["GET"]}}],"collection":[{"href":"https:\/\/www.walcordeiro.com.br\/v1\/wp-json\/wp\/v2\/posts"}],"about":[{"href":"https:\/\/www.walcordeiro.com.br\/v1\/wp-json\/wp\/v2\/types\/post"}],"author":[{"embeddable":true,"href":"https:\/\/www.walcordeiro.com.br\/v1\/wp-json\/wp\/v2\/users\/2"}],"replies":[{"embeddable":true,"href":"https:\/\/www.walcordeiro.com.br\/v1\/wp-json\/wp\/v2\/comments?post=46837"}],"version-history":[{"count":1,"href":"https:\/\/www.walcordeiro.com.br\/v1\/wp-json\/wp\/v2\/posts\/46837\/revisions"}],"predecessor-version":[{"id":46838,"href":"https:\/\/www.walcordeiro.com.br\/v1\/wp-json\/wp\/v2\/posts\/46837\/revisions\/46838"}],"wp:attachment":[{"href":"https:\/\/www.walcordeiro.com.br\/v1\/wp-json\/wp\/v2\/media?parent=46837"}],"wp:term":[{"taxonomy":"category","embeddable":true,"href":"https:\/\/www.walcordeiro.com.br\/v1\/wp-json\/wp\/v2\/categories?post=46837"},{"taxonomy":"post_tag","embeddable":true,"href":"https:\/\/www.walcordeiro.com.br\/v1\/wp-json\/wp\/v2\/tags?post=46837"}],"curies":[{"name":"wp","href":"https:\/\/api.w.org\/{rel}","templated":true}]}}