{"id":4569,"date":"2010-03-31T14:31:25","date_gmt":"2010-03-31T17:31:25","guid":{"rendered":"http:\/\/www.walcordeiro.com.br\/v1\/?p=4569"},"modified":"2010-03-31T14:31:25","modified_gmt":"2010-03-31T17:31:25","slug":"operacao-semana-santa-2010","status":"publish","type":"post","link":"https:\/\/www.walcordeiro.com.br\/v1\/2010\/03\/31\/operacao-semana-santa-2010\/","title":{"rendered":"OPERA\u00c7\u00c3O SEMANA SANTA 2010"},"content":{"rendered":"<div>\n<p style=\"text-align: center;\"><a rel=\"lightbox[24996]\" href=\"http:\/\/www.blogdaresenhageral.com.br\/v1\/wp-content\/uploads\/PRF-FOTO11.jpg\"><img loading=\"lazy\" decoding=\"async\" title=\"PRF-FOTO1\" src=\"http:\/\/www.blogdaresenhageral.com.br\/v1\/wp-content\/uploads\/PRF-FOTO11.jpg\" alt=\"\" width=\"300\" height=\"244\" \/><\/a><\/p>\n<p>A Superintend\u00eancia de Pol\u00edcia Rodovi\u00e1ria Federal na Bahia vai realizar a \u201cOpera\u00e7\u00e3o Semana Santa\u201d das 06:00 horas do dia 01\/04\/2010 at\u00e9 \u00e0s 24:00 horas do dia 04\/04\/2010. A opera\u00e7\u00e3o faz parte do calend\u00e1rio de comandos especiais desenvolvidos com o objetivo de aumentar a fiscaliza\u00e7\u00e3o e vigil\u00e2ncia policial nos grandes feriados, visando impedir que a eleva\u00e7\u00e3o do fluxo de tr\u00e1fego possa contribuir para ocorr\u00eancias de acidentes de tr\u00e2nsito, al\u00e9m de implementar as a\u00e7\u00f5es de policiamento para repress\u00e3o \u00e0 criminalidade.<\/p>\n<p>Durante todo o final de semana a Pol\u00edcia Rodovi\u00e1ria Federal realizar\u00e1 comandos em locais estrat\u00e9gicos, enfatizando o fator da seguran\u00e7a de tr\u00e2nsito, principalmente quanto: ao excesso de velocidade, \u00e0s ultrapassagens indevidas, ao consumo e venda de bebidas alco\u00f3licas, ao uso de cinto de seguran\u00e7a, ao transporte irregular de passageiros, \u00e0s restri\u00e7\u00f5es do tr\u00e2nsito de combina\u00e7\u00f5es e demais ve\u00edculos portadores de AET, aos equipamentos obrigat\u00f3rios e sistema de ilumina\u00e7\u00e3o e sinaliza\u00e7\u00e3o dos ve\u00edculos.<\/p>\n<p><!--more-->Mais trabalho nas estradas \u2013 Estima-se cerca de 40% de aumento no fluxo de ve\u00edculos nos dias de maior sa\u00edda e retorno, principalmente nos locais tur\u00edsticos. Para suprir a demanda, aumentando a seguran\u00e7a e reprimindo abusos nas rodovias federais, a PRF contar\u00e1 com o efetivo de 553 policiais trabalhando com escalas reduzidas de descanso.<\/p>\n<p>Ser\u00e3o utilizadas todas as viaturas operacionais, inclusive resgate, posto m\u00f3vel e motocicletas, al\u00e9m do refor\u00e7o do NOE \u2013 N\u00facleo de Opera\u00e7\u00f5es Especiais e GOC \u2013 Grupo de Opera\u00e7\u00f5es com C\u00e3es. Os policiais contar\u00e3o tamb\u00e9m com o aux\u00edlio de 38 etil\u00f4metros, 13 radares entre port\u00e1teis e fotogr\u00e1ficos para coibir o uso de bebida alco\u00f3lica e o excesso de velocidade dos condutores, respectivamente.<\/p>\n<p><strong>Ascom PRF<\/strong><\/p>\n<\/div>\n","protected":false},"excerpt":{"rendered":"<p>A Superintend\u00eancia de Pol\u00edcia Rodovi\u00e1ria Federal na Bahia vai realizar a \u201cOpera\u00e7\u00e3o Semana Santa\u201d das 06:00 horas do dia 01\/04\/2010 at\u00e9 \u00e0s 24:00 horas do dia 04\/04\/2010. A opera\u00e7\u00e3o faz parte do calend\u00e1rio de comandos especiais desenvolvidos com o objetivo de aumentar a fiscaliza\u00e7\u00e3o e vigil\u00e2ncia policial nos grandes feriados, visando impedir que a eleva\u00e7\u00e3o do fluxo de tr\u00e1fego possa contribuir para ocorr\u00eancias de acidentes de tr\u00e2nsito, al\u00e9m de implementar as a\u00e7\u00f5es de policiamento para repress\u00e3o \u00e0 criminalidade. Durante todo o final de semana a Pol\u00edcia Rodovi\u00e1ria Federal realizar\u00e1 comandos em locais estrat\u00e9gicos, enfatizando o fator da seguran\u00e7a de tr\u00e2nsito,&#8230;<\/p>\n","protected":false},"author":2,"featured_media":0,"comment_status":"open","ping_status":"open","sticky":false,"template":"","format":"standard","meta":{"footnotes":"","_links_to":"","_links_to_target":""},"categories":[6],"tags":[2147,427],"class_list":["post-4569","post","type-post","status-publish","format-standard","hentry","category-noticias","tag-operacao-semana-santa","tag-prf"],"acf":[],"views":662,"_links":{"self":[{"href":"https:\/\/www.walcordeiro.com.br\/v1\/wp-json\/wp\/v2\/posts\/4569","targetHints":{"allow":["GET"]}}],"collection":[{"href":"https:\/\/www.walcordeiro.com.br\/v1\/wp-json\/wp\/v2\/posts"}],"about":[{"href":"https:\/\/www.walcordeiro.com.br\/v1\/wp-json\/wp\/v2\/types\/post"}],"author":[{"embeddable":true,"href":"https:\/\/www.walcordeiro.com.br\/v1\/wp-json\/wp\/v2\/users\/2"}],"replies":[{"embeddable":true,"href":"https:\/\/www.walcordeiro.com.br\/v1\/wp-json\/wp\/v2\/comments?post=4569"}],"version-history":[{"count":1,"href":"https:\/\/www.walcordeiro.com.br\/v1\/wp-json\/wp\/v2\/posts\/4569\/revisions"}],"predecessor-version":[{"id":4570,"href":"https:\/\/www.walcordeiro.com.br\/v1\/wp-json\/wp\/v2\/posts\/4569\/revisions\/4570"}],"wp:attachment":[{"href":"https:\/\/www.walcordeiro.com.br\/v1\/wp-json\/wp\/v2\/media?parent=4569"}],"wp:term":[{"taxonomy":"category","embeddable":true,"href":"https:\/\/www.walcordeiro.com.br\/v1\/wp-json\/wp\/v2\/categories?post=4569"},{"taxonomy":"post_tag","embeddable":true,"href":"https:\/\/www.walcordeiro.com.br\/v1\/wp-json\/wp\/v2\/tags?post=4569"}],"curies":[{"name":"wp","href":"https:\/\/api.w.org\/{rel}","templated":true}]}}