{"id":45402,"date":"2012-07-10T06:46:38","date_gmt":"2012-07-10T09:46:38","guid":{"rendered":"http:\/\/www.walcordeiro.com.br\/v1\/?p=45402"},"modified":"2012-07-10T06:46:38","modified_gmt":"2012-07-10T09:46:38","slug":"morre-o-cardeal-dom-eugenio-sales","status":"publish","type":"post","link":"https:\/\/www.walcordeiro.com.br\/v1\/2012\/07\/10\/morre-o-cardeal-dom-eugenio-sales\/","title":{"rendered":"Morre o cardeal Dom Eug\u00eanio Sales"},"content":{"rendered":"<p>&nbsp;<\/p>\n<div>\n<p><strong><em>Do G1 RJ<\/em><\/strong><\/p>\n<\/div>\n<div id=\"materia-letra\">\n<div id=\"2033214\">\n<div>\n<div>\n<div><\/div>\n<p><img decoding=\"async\" src=\"http:\/\/s03.video.glbimg.com\/x240\/2033214.jpg\" alt=\"\" \/><\/div>\n<\/div>\n<\/div>\n<p>O cardeal Dom Eug\u00eanio de Ara\u00fajo Sales, arcebispo em\u00e9rito do Rio, morreu \u00e0s 22h30 desta segunda-feira (9), aos 91 anos, ap\u00f3s sofrer um infarto em casa.<\/p>\n<p>Segundo a Arquidiocese do\u00a0<a href=\"http:\/\/g1.globo.com\/rj\/rio-de-janeiro\/cidade\/rio-de-janeiro.html\">Rio de Janeiro<\/a>, vel\u00f3rio e enterro ser\u00e3o na catedral da cidade: o vel\u00f3rio nesta ter\u00e7a de manh\u00e3, e o enterro, na quarta, \u00e0s 15h.<\/p>\n<div>Nascido em Acari (RN), em 11 de novembro de 1920, Dom Eug\u00eanio Sales foi ordenado bispo aos 33 anos, em Natal (RN), com apenas 11 de sacerd\u00f3cio. Em 1968, tornou-se arcebispo de Salvador e, em 1971, arcebispo do Rio.<\/div>\n<p>Ficou \u00e0 frente da arquidiocese carioca at\u00e9 2001, onde se tornou refer\u00eancia na defesa de perseguidos pol\u00edticos. Em 2008, soube-se que ele abrigou mais de 4.000 pessoas perseguidas pelos regimes militares do Cone Sul entre 1976 e 1982 (veja ao final da reportagem reprodu\u00e7\u00e3o de reportagens do jornal &#8220;O Globo&#8221;).<\/p>\n<p><!--more-->Ele foi um dos prelados brasileiros que mais cargos ocuparam no Vaticano. Em nota, a arquidiocese lamentou a morte e registrou: &#8220;Dom Eugenio de Araujo Sales, o mais antigo Cardeal da Igreja Cat\u00f3lica, era Cardeal Presb\u00edtero da Santa Igreja Romana, do T\u00edtulo de S\u00e3o Greg\u00f3rio VII. Seu lema, fundamentado na Carta de S\u00e3o Paulo aos Cor\u00edntios, foi: &#8216;<em>Impendam et Superimpendar<\/em>&#8216; (2Cor 12,15: &#8216;De muito boa vontade darei o que \u00e9 meu, e me darei a mim mesmo pelas vossas almas, ainda que, amando-vos mais, seja menos amado por v\u00f3s&#8217;)&#8221;.<\/p>\n<div id=\"2033236\">\n<div>\n<div>\n<div><\/div>\n<p><img decoding=\"async\" src=\"http:\/\/s01.video.glbimg.com\/x240\/2033236.jpg\" alt=\"\" \/><\/div>\n<\/div>\n<\/div>\n<p>O governador do Rio de Janeiro, S\u00e9rgio Cabral, decretou luto de tr\u00eas dias. Ele e o prefeito da cidade, Eduardo Paes, divulgaram notas em que lamentam a morte do religioso.<\/p>\n<p>O atual arcebispo do Rio, Dom Orani Jo\u00e3o Tempesta, afirmou ao Jornal da Globo (veja v\u00eddeo acima) que &#8220;Dom Eug\u00eanio Sales foi um homem que seguiu Jesus Cristo, que soube estar presente nos momentos do Brasil, na quest\u00e3o dos refugiados, dos perseguidos. Ao mesmo tempo, teve sua presen\u00e7a junto ao Vaticano. Ele deixa marcada sua vida pela sua presen\u00e7a significativa na Igreja e no Brasil. Lembramos de sua atua\u00e7\u00e3o na Favela do Vidigal, ajudando os mais necessitados. Foi algu\u00e9m que nunca deixou a fidelidade ao seu amor \u00e0 Igreja e ao Santo Padre\u201d (<a href=\"http:\/\/g1.globo.com\/rio-de-janeiro\/noticia\/2012\/07\/veja-repercussao-sobre-morte-de-dom-eugenio-sales.html\">leia repercuss\u00e3o<\/a>).<\/p>\n<p><strong>Trajet\u00f3ria<br \/>\n<\/strong>Dom Eug\u00eanio Sales nasceu em 8 de novembro de 1920 e entrou para o semin\u00e1rio em 1936. Ap\u00f3s o Curso de Humanidades, foi enviado ao Semin\u00e1rio Maior da Prainha em Fortaleza, onde permaneceu de 1937 a 1943.<\/p>\n<p>Sua ordena\u00e7\u00e3o diaconal ocorreu no dia 16 de mar\u00e7o de 1943. Na manh\u00e3 do dia 21 de novembro do mesmo ano foi ordenado sacerdote por Dom Marcolino, na antiga Catedral de Nossa Senhora da Apresenta\u00e7\u00e3o, em Natal, e celebrou a primeira missa por ocasi\u00e3o da festa da padroeira com a homilia proferida por Monsenhor Paulo Her\u00f4ncio.<\/p>\n<div><img loading=\"lazy\" decoding=\"async\" title=\"Dom Eug\u00eanio participa de missa no Vaticano em 2005. (Foto: Arquivo\/AP)\" src=\"http:\/\/s2.glbimg.com\/l7qPvyFjo8ky5yRMjrjS8h3T34DcVAdbdtP5YeqV6jBIoz-HdGixxa_8qOZvMp3w\/s.glbimg.com\/jo\/g1\/f\/original\/2012\/07\/10\/eugenio_300_400.jpg\" alt=\"Dom Eug\u00eanio participa de missa no Vaticano em 2005. (Foto: Arquivo\/AP)\" width=\"300\" height=\"400\" \/><strong>Dom Eug\u00eanio participa de missa<br \/>\nno Vaticano em 2005 (Foto: Arquivo\/AP)<\/strong><\/div>\n<p>No in\u00edcio do seu minist\u00e9rio sacerdotal recebeu a nomea\u00e7\u00e3o para coadjutor da Par\u00f3quia de Nova Cruz e capel\u00e3o do Col\u00e9gio Nossa Senhora do Carmo. Em 1944, transferido para Natal, foi designado capel\u00e3o do Col\u00e9gio Marista, diretor espiritual e professor do Semin\u00e1rio S\u00e3o Pedro.<\/p>\n<p>Em 1954, aos 33 anos, foi nomeado bispo auxiliar de Natal pelo Papa Pio XII. Em 6 de janeiro de 1962, foi nomeado administrador apost\u00f3lico de Natal, fun\u00e7\u00e3o exercida at\u00e9 1964.<\/p>\n<p>Naquele ano, foi tamb\u00e9m nomeado administrador apost\u00f3lico da Arquidiocese de Salvador. No dia 29 de outubro de 1968, foi nomeado pelo Papa Paulo VI arcebispo de Salvador.<\/p>\n<p>Em 28 de mar\u00e7o de 1969, o Papa Paulo VI comunicou oficialmente a escolha de Dom Eugenio Sales para o Col\u00e9gio Cardinal\u00edcio. Durante o Consist\u00f3rio realizado entre os dias 28 de abril e 01 de maio de 1969, \u00e9 criado Cardeal.<\/p>\n<p>No dia 13 de mar\u00e7o de 1971, foi nomeado arcebispo da Arquidiocese do Rio de Janeiro pelo Papa Paulo VI. Ocupou o cargo de 27 de mar\u00e7o de 1971 a 25 de julho de 2001.<\/p>\n<p><strong>Atua\u00e7\u00e3o durante o regime militar<\/strong><br \/>\nReportagem do site do\u00a0<a href=\"http:\/\/oglobo.globo.com\/rio\/morre-cardeal-dom-eugenio-sales-5433805\">jornal &#8220;O Globo&#8221;<\/a>\u00a0lembra que, &#8220;em 67 anos de vida dedicada \u00e0 Igreja, o cardeal foi rotulado tanto como l\u00edder conservador quanto &#8216;bispo vermelho&#8217;, por ter, no in\u00edcio do sacerd\u00f3cio, ajudado a criar os primeiros sindicatos rurais no Rio Grande do Norte. Um cap\u00edtulo importante da vida de Dom Eugenio remonta \u00e0 ditadura, quando atuou de maneira silenciosa, abrigando no Rio mais de quatro mil pessoas perseguidas pelos regimes militares do Cone Sul, entre 1976 e 1982, especialmente argentinos&#8221;.<\/p>\n<\/div>\n","protected":false},"excerpt":{"rendered":"<p>&nbsp; Do G1 RJ O cardeal Dom Eug\u00eanio de Ara\u00fajo Sales, arcebispo em\u00e9rito do Rio, morreu \u00e0s 22h30 desta segunda-feira (9), aos 91 anos, ap\u00f3s sofrer um infarto em casa. Segundo a Arquidiocese do\u00a0Rio de Janeiro, vel\u00f3rio e enterro ser\u00e3o na catedral da cidade: o vel\u00f3rio nesta ter\u00e7a de manh\u00e3, e o enterro, na quarta, \u00e0s 15h. Nascido em Acari (RN), em 11 de novembro de 1920, Dom Eug\u00eanio Sales foi ordenado bispo aos 33 anos, em Natal (RN), com apenas 11 de sacerd\u00f3cio. Em 1968, tornou-se arcebispo de Salvador e, em 1971, arcebispo do Rio. Ficou \u00e0 frente da&#8230;<\/p>\n","protected":false},"author":2,"featured_media":0,"comment_status":"open","ping_status":"open","sticky":false,"template":"","format":"standard","meta":{"footnotes":"","_links_to":"","_links_to_target":""},"categories":[6],"tags":[],"class_list":["post-45402","post","type-post","status-publish","format-standard","hentry","category-noticias"],"acf":[],"views":474,"_links":{"self":[{"href":"https:\/\/www.walcordeiro.com.br\/v1\/wp-json\/wp\/v2\/posts\/45402","targetHints":{"allow":["GET"]}}],"collection":[{"href":"https:\/\/www.walcordeiro.com.br\/v1\/wp-json\/wp\/v2\/posts"}],"about":[{"href":"https:\/\/www.walcordeiro.com.br\/v1\/wp-json\/wp\/v2\/types\/post"}],"author":[{"embeddable":true,"href":"https:\/\/www.walcordeiro.com.br\/v1\/wp-json\/wp\/v2\/users\/2"}],"replies":[{"embeddable":true,"href":"https:\/\/www.walcordeiro.com.br\/v1\/wp-json\/wp\/v2\/comments?post=45402"}],"version-history":[{"count":1,"href":"https:\/\/www.walcordeiro.com.br\/v1\/wp-json\/wp\/v2\/posts\/45402\/revisions"}],"predecessor-version":[{"id":45403,"href":"https:\/\/www.walcordeiro.com.br\/v1\/wp-json\/wp\/v2\/posts\/45402\/revisions\/45403"}],"wp:attachment":[{"href":"https:\/\/www.walcordeiro.com.br\/v1\/wp-json\/wp\/v2\/media?parent=45402"}],"wp:term":[{"taxonomy":"category","embeddable":true,"href":"https:\/\/www.walcordeiro.com.br\/v1\/wp-json\/wp\/v2\/categories?post=45402"},{"taxonomy":"post_tag","embeddable":true,"href":"https:\/\/www.walcordeiro.com.br\/v1\/wp-json\/wp\/v2\/tags?post=45402"}],"curies":[{"name":"wp","href":"https:\/\/api.w.org\/{rel}","templated":true}]}}