{"id":42579,"date":"2012-02-18T19:07:07","date_gmt":"2012-02-18T22:07:07","guid":{"rendered":"http:\/\/www.walcordeiro.com.br\/v1\/?p=42579"},"modified":"2012-02-18T19:07:07","modified_gmt":"2012-02-18T22:07:07","slug":"crianca-de-vitoria-da-conquista-morre-em-acidente-na-br-101","status":"publish","type":"post","link":"https:\/\/www.walcordeiro.com.br\/v1\/2012\/02\/18\/crianca-de-vitoria-da-conquista-morre-em-acidente-na-br-101\/","title":{"rendered":"CRIAN\u00c7A DE VIT\u00d3RIA DA CONQUISTA MORRE EM ACIDENTE NA BR- 101"},"content":{"rendered":"<p>&nbsp;<\/p>\n<p><em><strong>Radar 64<\/strong><\/em><\/p>\n<p><img loading=\"lazy\" decoding=\"async\" title=\"JPEG\" src=\"http:\/\/www.radar64.com\/arquivos\/galerias\/2012\/02\/imagens\/17\/pajero_d.jpg\" alt=\"\" width=\"461\" height=\"188\" \/><\/p>\n<p>&nbsp;<\/p>\n<p>Uma crian\u00e7a de tr\u00eas anos morreu em um acidente na manh\u00e3 desta sexta-feira (17) na BR-101. Ela viajava no colo da m\u00e3e no banco traseiro de uma Pajero que tombou v\u00e1rias vezes no km 670 da rodovia, em Itapebi.<\/p>\n<p>A pequena Giulia Garcia foi arremessada e caiu no asfalto desacordada. O pai dela, o m\u00e9dico Nilton Gomes Garcia, 52 anos, que dirigia o ve\u00edculo, ainda fez massagem card\u00edaca, tentando reanim\u00e1-la. A garotinha foi levada em carro particular para o Hospital Regional de Eun\u00e1polis, mas n\u00e3o resistiu aos ferimentos.<\/p>\n<p>Al\u00e9m do motorista, estavam na Pajero outras cinco pessoas. A mulher do m\u00e9dico, Jaciara Garcia \u2013 36 anos, a sogra dela, No\u00e9lia Coutinho Garcia, 76, um menino de 10 \u2013 o outro filho do casal, e a bab\u00e1 das crian\u00e7as, Diana da Silva, idade n\u00e3o informada.<\/p>\n<p>O m\u00e9dico sofreu um corte profundo em um dos bra\u00e7os e a mulher dele teve ferimentos leves. Os demais passageiros sa\u00edram ilesos.<\/p>\n<p><!--more-->A Pol\u00edcia Rodovi\u00e1ria Federal informou ao RADAR64 que a fam\u00edlia seguia de Vit\u00f3ria da Conquista, no Sudoeste da Bahia, para Arraial d\u2019Ajuda, em Porto Seguro.<\/p>\n<p>O acidente foi a 10 quil\u00f4metros da cidade de Itapebi. O carro se descontrolou em uma curva e capotou v\u00e1rias vezes. O inspetor da PRF Canhedo informou que n\u00e3o foi encontrada nenhuma cadeirinha de beb\u00ea no autom\u00f3vel.<\/p>\n","protected":false},"excerpt":{"rendered":"<p>&nbsp; Radar 64 &nbsp; Uma crian\u00e7a de tr\u00eas anos morreu em um acidente na manh\u00e3 desta sexta-feira (17) na BR-101. Ela viajava no colo da m\u00e3e no banco traseiro de uma Pajero que tombou v\u00e1rias vezes no km 670 da rodovia, em Itapebi. A pequena Giulia Garcia foi arremessada e caiu no asfalto desacordada. O pai dela, o m\u00e9dico Nilton Gomes Garcia, 52 anos, que dirigia o ve\u00edculo, ainda fez massagem card\u00edaca, tentando reanim\u00e1-la. A garotinha foi levada em carro particular para o Hospital Regional de Eun\u00e1polis, mas n\u00e3o resistiu aos ferimentos. Al\u00e9m do motorista, estavam na Pajero outras cinco&#8230;<\/p>\n","protected":false},"author":2,"featured_media":0,"comment_status":"open","ping_status":"open","sticky":false,"template":"","format":"standard","meta":{"footnotes":"","_links_to":"","_links_to_target":""},"categories":[6],"tags":[],"class_list":["post-42579","post","type-post","status-publish","format-standard","hentry","category-noticias"],"acf":[],"views":614,"_links":{"self":[{"href":"https:\/\/www.walcordeiro.com.br\/v1\/wp-json\/wp\/v2\/posts\/42579","targetHints":{"allow":["GET"]}}],"collection":[{"href":"https:\/\/www.walcordeiro.com.br\/v1\/wp-json\/wp\/v2\/posts"}],"about":[{"href":"https:\/\/www.walcordeiro.com.br\/v1\/wp-json\/wp\/v2\/types\/post"}],"author":[{"embeddable":true,"href":"https:\/\/www.walcordeiro.com.br\/v1\/wp-json\/wp\/v2\/users\/2"}],"replies":[{"embeddable":true,"href":"https:\/\/www.walcordeiro.com.br\/v1\/wp-json\/wp\/v2\/comments?post=42579"}],"version-history":[{"count":2,"href":"https:\/\/www.walcordeiro.com.br\/v1\/wp-json\/wp\/v2\/posts\/42579\/revisions"}],"predecessor-version":[{"id":42581,"href":"https:\/\/www.walcordeiro.com.br\/v1\/wp-json\/wp\/v2\/posts\/42579\/revisions\/42581"}],"wp:attachment":[{"href":"https:\/\/www.walcordeiro.com.br\/v1\/wp-json\/wp\/v2\/media?parent=42579"}],"wp:term":[{"taxonomy":"category","embeddable":true,"href":"https:\/\/www.walcordeiro.com.br\/v1\/wp-json\/wp\/v2\/categories?post=42579"},{"taxonomy":"post_tag","embeddable":true,"href":"https:\/\/www.walcordeiro.com.br\/v1\/wp-json\/wp\/v2\/tags?post=42579"}],"curies":[{"name":"wp","href":"https:\/\/api.w.org\/{rel}","templated":true}]}}