{"id":4016,"date":"2010-03-25T08:48:04","date_gmt":"2010-03-25T11:48:04","guid":{"rendered":"http:\/\/www.walcordeiro.com.br\/v1\/?p=4016"},"modified":"2010-03-25T08:48:04","modified_gmt":"2010-03-25T11:48:04","slug":"seminario-batista-do-sul-um-dos-maiores-do-brasil-pode-ser-fechado","status":"publish","type":"post","link":"https:\/\/www.walcordeiro.com.br\/v1\/2010\/03\/25\/seminario-batista-do-sul-um-dos-maiores-do-brasil-pode-ser-fechado\/","title":{"rendered":"Semin\u00e1rio Batista do Sul, um dos maiores do Brasil, pode ser fechado"},"content":{"rendered":"<p><img loading=\"lazy\" decoding=\"async\" class=\"alignright\" title=\"semin\u00e1rio btista\" src=\"http:\/\/noticias.gospelmais.com.br\/wp-content\/themes\/gnoticias\/scripts\/timthumb.php?src=http:\/\/noticias.gospelmais.com.br\/\/wp-content\/uploads\/2010\/03\/seminario-batista.jpg&amp;w=150&amp;h=150&amp;zc=1&amp;q=100\" alt=\"\" width=\"150\" height=\"150\" \/>Depois de 94 anos de funcionamento o Semin\u00e1rio Teol\u00f3gico Batista do Sul (RJ) corre o risco de fechar. A m\u00e1 administra\u00e7\u00e3o financeira que perdura h\u00e1 alguns anos \u00e9 o motivo para que o semin\u00e1rio encerre suas atividades. Mas essa not\u00edcia n\u00e3o foi bem aceita por todos os alunos e professores da institui\u00e7\u00e3o.<\/p>\n<p>Para que o semin\u00e1rio n\u00e3o feche, nem venda parte de sua propriedade para o pagamento de d\u00edvidas e sal\u00e1rios de funcion\u00e1rios, alunos iniciaram a campanha \u201c<a href=\"http:\/\/www.euamooseminariodosul.blogspot.com\" target=\"_blank\">Eu amo o Semin\u00e1rio Batista do Sul<\/a>\u201d em um blog. Na p\u00e1gina h\u00e1 um pedido de ofertas para o pagamento de d\u00e9bitos e aux\u00edlio para professores e funcion\u00e1rios que necessitam de um apoio. De acordo com o site, at\u00e9 o momento foram recebidos R$ 800,00 por meio de uma conta banc\u00e1ria, aberta especialmente para a cria\u00e7\u00e3o deste fundo.<!--more--><\/p>\n<p>Mas a medida tem gerado pol\u00eamica e dividido <a onclick=\"hwClick2418472(undefined);return false;\" onmouseover=\"hw2418472(event, this, 'undefined'); this.style.cursor='hand'; this.style.textDecoration='underline'; this.style.borderBottom='solid';\" onmouseout=\"hideMaybe('HOTWordsTitle'); this.style.cursor='hand'; this.style.textDecoration='underline'; this.style.borderBottom='dotted 1px'; \" href=\"#\">opini\u00f5es<\/a> entre professores, funcion\u00e1rios e alunos. A medida de emerg\u00eancia foi duramente criticada pelo professor Ezequias Am\u00e2ncio.<\/p>\n<p>Em um artigo o professor e pastor contou sua hist\u00f3ria dentro do semin\u00e1rio desde a \u00e9poca em que era estudante declarou \u201cseu amor\u201d pelo semin\u00e1rio, por\u00e9m disse n\u00e3o apoiar a campanha, chamando-a de \u201cing\u00eanua\u201d e \u201cinfantil\u201d.<\/p>\n<p>\u201cDigo e repito que a campanha \u2018eu amo o semin\u00e1rio do sul\u2019 \u00e9 ing\u00eanua e infantil porque certamente n\u00e3o ser\u00e3o as parcas doa\u00e7\u00f5es de crentes sinceros que saldar\u00e3o as d\u00edvidas e nem t\u00e3o pouco elas ser\u00e3o suficientes para tornar \u2018economicamente vi\u00e1vel\u2019 uma institui\u00e7\u00e3o centen\u00e1ria, mas que amealhou ao longo dos anos erros de gest\u00e3o, apadrinhamentos denominacionais e que hoje convive em uma encruzilhada em ser uma \u2018casa de profetas\u2019 ou uma \u2018casa de profissionais da religi\u00e3o\u2019\u201d, escreveu Ezequias Am\u00e2ncio.<\/p>\n<p>O professor ainda escreve que os recursos para pagar os d\u00e9bitos do semin\u00e1rio n\u00e3o podem ser resultado dos desvios de outras institui\u00e7\u00f5es. Ele prop\u00f4s que primeiramente o semin\u00e1rio deveria fechar seus cursos para a realiza\u00e7\u00e3o de um balan\u00e7o financeiro para o descobrimento dos dividendos e que reabra para cursos de p\u00f3s-gradua\u00e7\u00e3o e atualiza\u00e7\u00e3o pastoral em uma estrutura mais enxuta. Outra proposta feita por ele \u00e9 que o Conselho do semin\u00e1rio analise a possibilidade de vender parte de sua propriedade.<\/p>\n<p>J\u00e1 para Cleudair Godoi, aluno do 5\u00ba ano de teologia, o semin\u00e1rio tem uma grande import\u00e2ncia hist\u00f3rica e n\u00e3o pode ser fechado. Ele escreve no blog \u201ceuamooseminariobatistadosul\u201d que mesmo com tantos esfor\u00e7os para a angaria\u00e7\u00e3o de fundos para o semin\u00e1rio esse fato n\u00e3o gera nenhum tipo de reconhecimento por parte dos l\u00edderes.<\/p>\n<p>Em rela\u00e7\u00e3o \u00e0 venda, o estudante escreveu: \u201cpenso que o modo mais vil de destruir a mem\u00f3ria dos batistas do Brasil \u00e9 prosseguir com essa ideia. O Semin\u00e1rio Teol\u00f3gico Batista do Sul do Brasil tem cumprido seu papel a mais de 100 anos, formando lideres conhecidos e reconhecidos por n\u00f3s, o povo batista brasileiro. Com a venda, ainda que parcial, estaremos interrompendo este processo. Nossas igrejas precisar\u00e3o rever o perfil de seus futuros l\u00edderes \u2018formados no semin\u00e1rio do sul\u2019. As dificuldades na busca de novos l\u00edderes s\u00f3 tendem a agravar-se. Se est\u00e1 dif\u00edcil, se tornar\u00e1 ainda pior\u201d.<\/p>\n<p>At\u00e9 o momento a dire\u00e7\u00e3o do semin\u00e1rio ainda n\u00e3o decidiu o futuro da institui\u00e7\u00e3o. O semin\u00e1rio j\u00e1 formou 3.000 alunos em Teologia, M\u00fasica Sacra, Educa\u00e7\u00e3o Crist\u00e3 e Pedagogia.<\/p>\n<p><strong>Gospel+<\/strong><\/p>\n","protected":false},"excerpt":{"rendered":"<p>Depois de 94 anos de funcionamento o Semin\u00e1rio Teol\u00f3gico Batista do Sul (RJ) corre o risco de fechar. A m\u00e1 administra\u00e7\u00e3o financeira que perdura h\u00e1 alguns anos \u00e9 o motivo para que o semin\u00e1rio encerre suas atividades. Mas essa not\u00edcia n\u00e3o foi bem aceita por todos os alunos e professores da institui\u00e7\u00e3o. Para que o semin\u00e1rio n\u00e3o feche, nem venda parte de sua propriedade para o pagamento de d\u00edvidas e sal\u00e1rios de funcion\u00e1rios, alunos iniciaram a campanha \u201cEu amo o Semin\u00e1rio Batista do Sul\u201d em um blog. Na p\u00e1gina h\u00e1 um pedido de ofertas para o pagamento de d\u00e9bitos e&#8230;<\/p>\n","protected":false},"author":2,"featured_media":0,"comment_status":"open","ping_status":"open","sticky":false,"template":"","format":"standard","meta":{"footnotes":"","_links_to":"","_links_to_target":""},"categories":[6],"tags":[1741,636,986],"class_list":["post-4016","post","type-post","status-publish","format-standard","hentry","category-noticias","tag-batista","tag-evangelico","tag-seminario"],"acf":[],"views":676,"_links":{"self":[{"href":"https:\/\/www.walcordeiro.com.br\/v1\/wp-json\/wp\/v2\/posts\/4016","targetHints":{"allow":["GET"]}}],"collection":[{"href":"https:\/\/www.walcordeiro.com.br\/v1\/wp-json\/wp\/v2\/posts"}],"about":[{"href":"https:\/\/www.walcordeiro.com.br\/v1\/wp-json\/wp\/v2\/types\/post"}],"author":[{"embeddable":true,"href":"https:\/\/www.walcordeiro.com.br\/v1\/wp-json\/wp\/v2\/users\/2"}],"replies":[{"embeddable":true,"href":"https:\/\/www.walcordeiro.com.br\/v1\/wp-json\/wp\/v2\/comments?post=4016"}],"version-history":[{"count":1,"href":"https:\/\/www.walcordeiro.com.br\/v1\/wp-json\/wp\/v2\/posts\/4016\/revisions"}],"predecessor-version":[{"id":4017,"href":"https:\/\/www.walcordeiro.com.br\/v1\/wp-json\/wp\/v2\/posts\/4016\/revisions\/4017"}],"wp:attachment":[{"href":"https:\/\/www.walcordeiro.com.br\/v1\/wp-json\/wp\/v2\/media?parent=4016"}],"wp:term":[{"taxonomy":"category","embeddable":true,"href":"https:\/\/www.walcordeiro.com.br\/v1\/wp-json\/wp\/v2\/categories?post=4016"},{"taxonomy":"post_tag","embeddable":true,"href":"https:\/\/www.walcordeiro.com.br\/v1\/wp-json\/wp\/v2\/tags?post=4016"}],"curies":[{"name":"wp","href":"https:\/\/api.w.org\/{rel}","templated":true}]}}