{"id":37190,"date":"2011-09-19T13:37:52","date_gmt":"2011-09-19T16:37:52","guid":{"rendered":"http:\/\/www.walcordeiro.com.br\/v1\/?p=37190"},"modified":"2011-09-19T13:37:52","modified_gmt":"2011-09-19T16:37:52","slug":"sera-o-maior-corte-de-gastos-da-historia-diz-obama-sobre-plano","status":"publish","type":"post","link":"https:\/\/www.walcordeiro.com.br\/v1\/2011\/09\/19\/sera-o-maior-corte-de-gastos-da-historia-diz-obama-sobre-plano\/","title":{"rendered":"&#8216;Ser\u00e1 o maior corte de gastos da hist\u00f3ria&#8217;, diz Obama sobre plano"},"content":{"rendered":"<div>\n<div>\n<p><strong><em>Do G1, em S\u00e3o Paulo<\/em><\/strong><\/p>\n<\/div>\n<\/div>\n<div id=\"materia-letra\">\n<div>\n<div>\n<p>O presidente dos\u00a0Estados Unidos,\u00a0<a href=\"http:\/\/g1.globo.com\/topico\/barack-obama\/\">Barack Obama<\/a>, afirmou nesta segunda-feira (19), em pronunciamento na Casa Branca, que a proposta para reforma das contas do governo que ser\u00e1 enviada ao Congresso ser\u00e1 \u201co maior corte de gastos da hist\u00f3ria\u201d.<\/p>\n<p>&#8220;No longo prazo, nossa prosperidade depende de pagar a d\u00edvida que acumulamos ao longo da \u00faltima d\u00e9cada. Nessa d\u00e9cada, gastos do governo, cortes de impostos para milion\u00e1rios, duas guerras, nos deixaram com grandes d\u00edvidas. Se n\u00e3o fizermos nada, isso vai acabar nos ombros de nossos filhos&#8221;, afirmou Obama.<\/p>\n<p>&#8220;Washington precisa viver com o que tem. Precisamos cortar o que podemos, para pagar o que realmente interessa, investir no que promove empregos&#8221;.<\/p>\n<p>O plano prev\u00ea a redu\u00e7\u00e3o do d\u00e9ficit dos EUA em US$ 4 trilh\u00f5es ao longo dos pr\u00f3ximos dez anos, valor que inclui o corte de gastos de US$ 1 trilh\u00e3o aprovado no m\u00eas passado.<\/p>\n<div><img loading=\"lazy\" decoding=\"async\" title=\"Barack Obama fala sobre medidas para reduzir o d\u00e9ficit dos EUA nos jardins da Casa Branca nesta segunda-feira (19). (Foto: Jason Reed\/Reuters)\" src=\"http:\/\/s.glbimg.com\/jo\/g1\/f\/original\/2011\/09\/19\/obamaimpostoricos620_.jpg\" alt=\"Barack Obama fala sobre medidas para reduzir o d\u00e9ficit dos EUA nos jardins da Casa Branca nesta segunda-feira (19). (Foto: Jason Reed\/Reuters)\" width=\"620\" height=\"465\" \/><\/div>\n<div><strong>Barack Obama fala sobre medidas para reduzir o d\u00e9ficit dos EUA nos jardins da Casa Branca nesta segunda-feira (19). (Foto: Jason Reed\/Reuters)<\/strong><\/div>\n<p>O presidente defendeu a reforma de todo o sistema tribut\u00e1rio do pa\u00eds, com a elimina\u00e7\u00e3o de brechas para torn\u00e1-lo &#8220;mais justo&#8221;: &#8220;nosso sistema tribut\u00e1rio n\u00e3o deve dar vantagens a quem tem mais lobby&#8221;, afirmou.<\/p>\n<p><!--more-->&#8220;Estou propondo s\u00e9rios cortes em gastos. Ser\u00e1 o maior corte de gastos da hist\u00f3ria. Mas tem que ser balanceado. \u00c9 por isso que esse plano elimina brechas para grandes empresas, que pequenas empresas e a classe m\u00e9dia n\u00e3o t\u00eam&#8221;, afirmou.<\/p>\n<div>\n<table>\n<thead>\n<tr>\n<th>Proposta para redu\u00e7\u00e3o do d\u00e9ficit<\/th>\n<th>Valor<\/th>\n<\/tr>\n<\/thead>\n<tbody>\n<tr>\n<td>Cortes e reformas em programas sociais<\/td>\n<td>US$ 580 bilh\u00f5es<\/td>\n<\/tr>\n<tr>\n<td>Economia com redu\u00e7\u00e3o dos esfor\u00e7os de guerra no Iraque e Afeganist\u00e3o<\/td>\n<td>US$ 1 trilh\u00e3o<\/td>\n<\/tr>\n<tr>\n<td>Reforma no sistema tribut\u00e1rio, com elimina\u00e7\u00e3o de brechas e eleva\u00e7\u00e3o de impostos para os mais ricos<\/td>\n<td>US$ 1,5 trilh\u00e3o<\/td>\n<\/tr>\n<tr>\n<td>Cortes de gastos dom\u00e9sticos e de defesa, j\u00e1 anunciados em agosto<\/td>\n<td>US$ 1 triih\u00e3o<\/td>\n<\/tr>\n<\/tbody>\n<\/table>\n<\/div>\n<p>&#8220;Mas ser\u00e1 preciso elevar a arrecada\u00e7\u00e3o para fazer a conta fechar. As classes m\u00e9dias n\u00e3o devem pagar mais impostos que milion\u00e1rios e bilion\u00e1rios. O secret\u00e1rio do (bilion\u00e1rio norte-americano) Warren Buffett n\u00e3o deve pagar uma taxa de impostos mais alta que o Warren Buffett&#8221;, disse ele, defendendo que os mais ricos e as empresas mais ricas &#8220;paguem o sua justa parte&#8221; na reforma do or\u00e7amento.<\/p>\n<p>&#8220;O plano requer que os americanos mais ricos voltem a pagar os mesmos impostos que pagavam nos anos 90, antes dos cortes de impostos do [ex-presidente George] Bush&#8221;.<\/p>\n<p>Obama apresenta seu plano para reduzir o d\u00e9ficit nas contas p\u00fablicas do pa\u00eds, que deve ser levado ao supercomit\u00ea do Congresso encarregado de definir como o pa\u00eds vai alcan\u00e7ar a economia necess\u00e1ria para cumprir o plano aprovado em agosto, que permitiu elevar o teto da d\u00edvida p\u00fablica e evitar um \u201ccalote\u201d.<\/p>\n<p>A proposta de or\u00e7amento enviada ao Congresso tamb\u00e9m pretende tornar vi\u00e1vel o plano de US$ 447 bilh\u00f5es para cria\u00e7\u00e3o de empregos apresentado pelo presidente no in\u00edcio do m\u00eas, que prev\u00ea redu\u00e7\u00e3o de impostos sobre a folha de pagamentos para empresas que contratarem e a cria\u00e7\u00e3o de vagas recontratando professores, veteranos de guerra, reformando escolas e infraestrutura de transporte.<\/p>\n<p><strong>Redu\u00e7\u00e3o do d\u00e9ficit em US$ 4 trilh\u00f5es<\/strong>\u00a0<strong>em dez anos<\/strong><br \/>\nA proposta apresentada por Obama prev\u00ea a redu\u00e7\u00e3o do d\u00e9ficit em mais US$ 3 trilh\u00f5es ao longo da pr\u00f3xima d\u00e9cada \u2013 al\u00e9m do US$ 1 trilh\u00e3o contido no plano aprovado em agosto, e que permitiu a eleva\u00e7\u00e3o do teto da d\u00edvida p\u00fablica do pa\u00eds.<\/p>\n<p>De acordo com o presidente, a proposta inclui quase US$ 580 bilh\u00f5es em cortes e reformas em programas sociais, dos quais US$ 320 bilh\u00f5es ser\u00e3o referentes a programas federais de sa\u00fade, como Medicare e Medicaid. A economia com a redu\u00e7\u00e3o dos esfor\u00e7os de guerra no Afeganist\u00e3o e no Iraque deve gerar outro US$ 1 trilh\u00e3o.<\/p>\n<p>J\u00e1 a reforma no sistema tribut\u00e1rio \u2013 com a elimina\u00e7\u00e3o de brechas, o fim dos benef\u00edcios fiscais concedidos entre 2001 e 2003, e a eleva\u00e7\u00e3o de impostos para os mais ricos \u2013 deve elevar em mais US$ 1,5 trilh\u00e3o a arrecada\u00e7\u00e3o do governo.<\/p>\n<p><strong>Imposto Buffett<\/strong><br \/>\nO imposto para os milion\u00e1rios foi apelidado de &#8220;imposto Buffett&#8221;\u00a0<a href=\"http:\/\/g1.globo.com\/economia\/noticia\/2011\/08\/warren-buffett-pede-aumento-de-impostos-dos-mais-ricos-como-ele.html\">depois de ter sido defendido pelo bilion\u00e1rio investidor Warren Buffett<\/a>, que afirmou que a medida n\u00e3o afetar\u00e1 os investimentos nem os empregos..<\/p>\n<p>&#8220;Enquanto os pobres e a classe m\u00e9dia combatem por n\u00f3s no Afeganist\u00e3o e enquanto muitos americanos lutam para chegar ao fim do m\u00eas, n\u00f3s, os mega-ricos, continuamos nos beneficiando com isen\u00e7\u00f5es fiscais extraordin\u00e1rias&#8221;, afirmou ele.<\/p>\n<p>Buffet explicou que os impostos que pagou ao Estado federal representaram 17,4% de seus ganhos no ano passado, enquanto o das 20 pessoas que trabalham em seu escrit\u00f3rio oscilou entre 33 e 41%.<\/p>\n<p>A taxa de impostos dos ricos era muito mais elevada nos anos 1980 e 1990 e, no entanto, foram criados quase 40 milh\u00f5es de empregos entre 1980 e 2000, recordou Buffett. &#8220;Voc\u00eas sabem o que aconteceu depois: impostos mais baixos e muito menos empregos criados&#8221;. &#8220;As pessoas investem para ganhar dinheiro e uma potencial taxa\u00e7\u00e3o jamais as fez fugir&#8221; completou.<\/p>\n<p><strong>Supercomit\u00ea de or\u00e7amento<\/strong><br \/>\n<a href=\"http:\/\/g1.globo.com\/economia\/noticia\/2011\/08\/saiba-o-que-preve-o-acordo-que-pode-evitar-o-calote-dos-eua.html\">Em agosto, o Congresso dos EUA aprovou um acordo para elevar o limite da d\u00edvida do governo federal do pa\u00eds e evitar um default (calote).<\/a>\u00a0A eleva\u00e7\u00e3o do teto da d\u00edvida permitiu ao pa\u00eds pegar novos empr\u00e9stimos e cumprir com pagamentos obrigat\u00f3rios. Em maio, a d\u00edvida p\u00fablica do pa\u00eds chegou a US$ 14,3 trilh\u00f5es (cerca de R$ 22,2 trilh\u00f5es), que \u00e9 o valor m\u00e1ximo estabelecido por lei. Nos EUA, a responsabilidade de fixar o teto da d\u00edvida federal \u00e9 do Congresso.<\/p>\n<p>Parte do plano aprovado prev\u00ea a forma\u00e7\u00e3o de um comit\u00ea formado por republicanos e democratas no Congresso para definir, at\u00e9 23 de novembro, uma \u201csegunda rodada\u201d de cortes, entre US$ 1,2 trilh\u00e3o e US$ 1,5 trilh\u00e3o, que devem ser votados at\u00e9 23 de dezembro.<\/p>\n<p>O tamanho do corte aprovado ser\u00e1 equivalente \u00e0 eleva\u00e7\u00e3o no teto da d\u00edvida que ser\u00e1 ent\u00e3o permitida. Se o corte aprovado for menor que US$ 1,2 trilh\u00e3o, ou se o Congresso n\u00e3o chegar a um acordo, o teto da d\u00edvida ser\u00e1 elevado em US$ 1,2 trilh\u00e3o.<\/p>\n<\/div>\n<\/div>\n<\/div>\n","protected":false},"excerpt":{"rendered":"<p>Do G1, em S\u00e3o Paulo O presidente dos\u00a0Estados Unidos,\u00a0Barack Obama, afirmou nesta segunda-feira (19), em pronunciamento na Casa Branca, que a proposta para reforma das contas do governo que ser\u00e1 enviada ao Congresso ser\u00e1 \u201co maior corte de gastos da hist\u00f3ria\u201d. &#8220;No longo prazo, nossa prosperidade depende de pagar a d\u00edvida que acumulamos ao longo da \u00faltima d\u00e9cada. Nessa d\u00e9cada, gastos do governo, cortes de impostos para milion\u00e1rios, duas guerras, nos deixaram com grandes d\u00edvidas. Se n\u00e3o fizermos nada, isso vai acabar nos ombros de nossos filhos&#8221;, afirmou Obama. &#8220;Washington precisa viver com o que tem. Precisamos cortar o que&#8230;<\/p>\n","protected":false},"author":2,"featured_media":0,"comment_status":"open","ping_status":"open","sticky":false,"template":"","format":"standard","meta":{"footnotes":"","_links_to":"","_links_to_target":""},"categories":[6],"tags":[],"class_list":["post-37190","post","type-post","status-publish","format-standard","hentry","category-noticias"],"acf":[],"views":581,"_links":{"self":[{"href":"https:\/\/www.walcordeiro.com.br\/v1\/wp-json\/wp\/v2\/posts\/37190","targetHints":{"allow":["GET"]}}],"collection":[{"href":"https:\/\/www.walcordeiro.com.br\/v1\/wp-json\/wp\/v2\/posts"}],"about":[{"href":"https:\/\/www.walcordeiro.com.br\/v1\/wp-json\/wp\/v2\/types\/post"}],"author":[{"embeddable":true,"href":"https:\/\/www.walcordeiro.com.br\/v1\/wp-json\/wp\/v2\/users\/2"}],"replies":[{"embeddable":true,"href":"https:\/\/www.walcordeiro.com.br\/v1\/wp-json\/wp\/v2\/comments?post=37190"}],"version-history":[{"count":1,"href":"https:\/\/www.walcordeiro.com.br\/v1\/wp-json\/wp\/v2\/posts\/37190\/revisions"}],"predecessor-version":[{"id":37191,"href":"https:\/\/www.walcordeiro.com.br\/v1\/wp-json\/wp\/v2\/posts\/37190\/revisions\/37191"}],"wp:attachment":[{"href":"https:\/\/www.walcordeiro.com.br\/v1\/wp-json\/wp\/v2\/media?parent=37190"}],"wp:term":[{"taxonomy":"category","embeddable":true,"href":"https:\/\/www.walcordeiro.com.br\/v1\/wp-json\/wp\/v2\/categories?post=37190"},{"taxonomy":"post_tag","embeddable":true,"href":"https:\/\/www.walcordeiro.com.br\/v1\/wp-json\/wp\/v2\/tags?post=37190"}],"curies":[{"name":"wp","href":"https:\/\/api.w.org\/{rel}","templated":true}]}}