{"id":37110,"date":"2011-09-17T20:53:39","date_gmt":"2011-09-17T23:53:39","guid":{"rendered":"http:\/\/www.walcordeiro.com.br\/v1\/?p=37110"},"modified":"2011-09-17T20:53:39","modified_gmt":"2011-09-17T23:53:39","slug":"%e2%80%9cestou-desconfiado-que-a-fogueira-santa-queimou-os-neuronios-dele%e2%80%9d-diz-malafaia-em-resposta-a-macedo","status":"publish","type":"post","link":"https:\/\/www.walcordeiro.com.br\/v1\/2011\/09\/17\/%e2%80%9cestou-desconfiado-que-a-fogueira-santa-queimou-os-neuronios-dele%e2%80%9d-diz-malafaia-em-resposta-a-macedo\/","title":{"rendered":"\u201cEstou desconfiado que a fogueira santa queimou os neur\u00f4nios dele\u201d, diz Malafaia em resposta a Macedo"},"content":{"rendered":"<p><strong>O pastor assembleiano respondeu \u00e0s criticas de Edir Macedo contra as manifesta\u00e7\u00f5es pentecostais e contra cantores evang\u00e9licos<\/strong><\/p>\n<div><img decoding=\"async\" src=\"http:\/\/noticias.gospelprime.com.br\/files\/2011\/09\/resposta-silas-malafaia-edir-macedo.jpg\" alt=\"\" \/><\/div>\n<div>\u201cEstou desconfiado que a fogueira santa queimou os neur\u00f4nios dele\u201d, diz Malafaia em resposta a Macedo<\/div>\n<p>O <a title=\"\" href=\"http:\/\/noticias.gospelprime.com.br\/gospel\/pastor-silas-malafaia\/\">pastor Silas Malafaia<\/a> usou seu programa para responder ao Bispo <a title=\"\" href=\"http:\/\/noticias.gospelprime.com.br\/gospel\/bispo-edir-macedo\/\">Edir Macedo<\/a> e outros bispos da <a title=\"\" href=\"http:\/\/noticias.gospelprime.com.br\/gospel\/igreja-universal-do-reino-de-deus\/\">Igreja Universal<\/a> do Reino que falaram nas \u00faltimas semanas\u00a0<a title=\"\" href=\"http:\/\/noticias.gospelprime.com.br\/edir-macedo-volta-a-atacar-pentecostais-e-diz-que-as-manifestacoes-sao-do-antiespirito-santo\/\">contra as manifesta\u00e7\u00f5es pentecostais<\/a> e contra os cantores <a title=\"\" href=\"http:\/\/noticias.gospelprime.com.br\/igreja-universal-ana-paula-valadao-bispo-edir-macedo-possuidos-por-demonios\/\">evang\u00e9licos dizendo que 99% deles s\u00e3o endemoniados<\/a>.<\/p>\n<p>\u201cQual \u00e9 a diferen\u00e7a da arruda da sua igreja e a do centro de macumba? Qual \u00e9 a diferen\u00e7a do sal grosso da sua igreja e o do centro de macumba? Qual \u00e9 a diferen\u00e7a da rosa ungida da sua igreja e da do centro de macumba?\u201d, questiona Malafaia falando sobre as campanhas da Igreja Universal.<\/p>\n<p>O pastor assembleiano demonstra indigna\u00e7\u00e3o ao falar sobre o caso e critica, sem citar nome de igrejas ou l\u00edderes, o ponto de vista teol\u00f3gico usado pela IURD. \u201cVoc\u00ea \u00e9 t\u00e3o trouxa na tua argumenta\u00e7\u00e3o, t\u00e3o fraco que teologicamente voc\u00eas s\u00e3o um zero! Eu digo at\u00e9 que voc\u00eas entendem de f\u00e9, de ora\u00e7\u00e3o. Eu digo at\u00e9 que voc\u00eas entendem um pouco trabalho. Mas de teologia, voc\u00eas s\u00e3o analfabetos.\u201d<!--more--><\/p>\n<h2>Malafaia fala contra a Rede Record<\/h2>\n<p>Outro tema criticado pelo presidente da <a title=\"\" href=\"http:\/\/noticias.gospelprime.com.br\/gospel\/assembleia-de-deus\/\">Assembleia de Deus<\/a> Vit\u00f3ria em Cristo foi a forma como a IURD fala sobre dem\u00f4nios e tamb\u00e9m diz que a Rede Record \u00e9 comandada por principados das trevas. \u201cOs dem\u00f4nios que incorporam pessoas no m\u00e1ximo eles comandam legi\u00f5es, agora em ef\u00e9sios 6, a partir do vers\u00edculo10, diz que satan\u00e1s tem principados, pr\u00edncipes das trevas, est\u00e1 falando de dem\u00f4nios que comandam principados, esses n\u00e3o incorporam em pessoas, esses comandam a programa\u00e7\u00e3o da rede de televis\u00e3o de voc\u00eas\u201d.<\/p>\n<p>A cr\u00edtica se refere ao fato de usar o dinheiro dos membros da igreja para financiar a programa\u00e7\u00e3o secular que Silas Malafaia caracteriza como \u201clixo moral financiado por d\u00edzimos e ofertas\u201d. Ainda sobre a programa\u00e7\u00e3o da Record ele cita que a fazenda, que hoje \u00e9 palco de um reality show, antes era usada para treinamento de pastores.<\/p>\n<h2>Jogo comercial de gravadoras<\/h2>\n<p>O apresentador do programa Vit\u00f3ria em Cristo tamb\u00e9m comentou sobre os cantores evang\u00e9licos que foram chamados de endemoniados. Na vis\u00e3o do pastor Silas Malafaia, a c\u00fapula da IURD s\u00f3 est\u00e1 falando isso para impedir que os membros de sua igreja comprem os CDs dos cantores que n\u00e3o fazem parte do casting da gravadora ligada \u00e0 Igreja Universal.<\/p>\n<p>\u201cA gravadora dele n\u00e3o est\u00e1 com nada, a gravadora dele est\u00e1 dando preju\u00edzo h\u00e1 anos, e a Ana Paula [Valad\u00e3o] gravou por essa grande gravadora dessa grande emissora de <a title=\"\" href=\"http:\/\/tv.gospelprime.com.br\/\">TV<\/a>. O jogo \u00e9 comercial\u201d, disse Malafaia que ainda concluiu. \u201c\u00c9 para o povo dele n\u00e3o comprar o CD\u201d.<\/p>\n<p>Ainda sobre esse tema ele fala sobre as r\u00e1dios que pertencem a IURD, questionando que se 99% dos cantores evang\u00e9licos s\u00e3o endemoniados porque as emissoras de r\u00e1dio da igreja transmitem a m\u00fasica desses artistas em sua programa\u00e7\u00e3o? Malafaia termina o programa dizendo que n\u00e3o est\u00e1 falando da Igreja, mas dos l\u00edderes.<\/p>\n<p>Assista ao programa que vai ao ar neste s\u00e1bado:<\/p>\n<p>Fonte: <a title=\"\" href=\"http:\/\/noticias.gospelprime.com.br\/resposta-silas-malafaia-edir-macedo-programa-vitoria-em-cristo\/\">Gospel Prime<\/a><\/p>\n","protected":false},"excerpt":{"rendered":"<p>O pastor assembleiano respondeu \u00e0s criticas de Edir Macedo contra as manifesta\u00e7\u00f5es pentecostais e contra cantores evang\u00e9licos \u201cEstou desconfiado que a fogueira santa queimou os neur\u00f4nios dele\u201d, diz Malafaia em resposta a Macedo O pastor Silas Malafaia usou seu programa para responder ao Bispo Edir Macedo e outros bispos da Igreja Universal do Reino que falaram nas \u00faltimas semanas\u00a0contra as manifesta\u00e7\u00f5es pentecostais e contra os cantores evang\u00e9licos dizendo que 99% deles s\u00e3o endemoniados. \u201cQual \u00e9 a diferen\u00e7a da arruda da sua igreja e a do centro de macumba? Qual \u00e9 a diferen\u00e7a do sal grosso da sua igreja e o&#8230;<\/p>\n","protected":false},"author":2,"featured_media":0,"comment_status":"open","ping_status":"open","sticky":false,"template":"","format":"standard","meta":{"footnotes":"","_links_to":"","_links_to_target":""},"categories":[6],"tags":[3327,1467,2028],"class_list":["post-37110","post","type-post","status-publish","format-standard","hentry","category-noticias","tag-edir-macedo","tag-iurd","tag-silas-malafaia"],"acf":[],"views":2002,"_links":{"self":[{"href":"https:\/\/www.walcordeiro.com.br\/v1\/wp-json\/wp\/v2\/posts\/37110","targetHints":{"allow":["GET"]}}],"collection":[{"href":"https:\/\/www.walcordeiro.com.br\/v1\/wp-json\/wp\/v2\/posts"}],"about":[{"href":"https:\/\/www.walcordeiro.com.br\/v1\/wp-json\/wp\/v2\/types\/post"}],"author":[{"embeddable":true,"href":"https:\/\/www.walcordeiro.com.br\/v1\/wp-json\/wp\/v2\/users\/2"}],"replies":[{"embeddable":true,"href":"https:\/\/www.walcordeiro.com.br\/v1\/wp-json\/wp\/v2\/comments?post=37110"}],"version-history":[{"count":1,"href":"https:\/\/www.walcordeiro.com.br\/v1\/wp-json\/wp\/v2\/posts\/37110\/revisions"}],"predecessor-version":[{"id":37111,"href":"https:\/\/www.walcordeiro.com.br\/v1\/wp-json\/wp\/v2\/posts\/37110\/revisions\/37111"}],"wp:attachment":[{"href":"https:\/\/www.walcordeiro.com.br\/v1\/wp-json\/wp\/v2\/media?parent=37110"}],"wp:term":[{"taxonomy":"category","embeddable":true,"href":"https:\/\/www.walcordeiro.com.br\/v1\/wp-json\/wp\/v2\/categories?post=37110"},{"taxonomy":"post_tag","embeddable":true,"href":"https:\/\/www.walcordeiro.com.br\/v1\/wp-json\/wp\/v2\/tags?post=37110"}],"curies":[{"name":"wp","href":"https:\/\/api.w.org\/{rel}","templated":true}]}}