{"id":35513,"date":"2011-08-04T21:47:42","date_gmt":"2011-08-05T00:47:42","guid":{"rendered":"http:\/\/www.walcordeiro.com.br\/v1\/?p=35513"},"modified":"2011-08-04T21:47:42","modified_gmt":"2011-08-05T00:47:42","slug":"drfr-apreende-veiculo-e-descobre-rota-de-carros-roubados","status":"publish","type":"post","link":"https:\/\/www.walcordeiro.com.br\/v1\/2011\/08\/04\/drfr-apreende-veiculo-e-descobre-rota-de-carros-roubados\/","title":{"rendered":"DRFR apreende veiculo e descobre rota de carros roubados"},"content":{"rendered":"<p><a href=\"http:\/\/nildofreitas.com\/site\/wp-content\/uploads\/PALIO.jpg\"><img loading=\"lazy\" decoding=\"async\" title=\"PALIO\" src=\"http:\/\/nildofreitas.com\/site\/wp-content\/uploads\/PALIO.jpg\" alt=\"\" width=\"410\" height=\"308\" \/><\/a><\/p>\n<p>Na quarta-feira, 03 de agosto de 2011, investigadores da DRFR \u2013 Delegacia de Repress\u00e3o a Furtos e Roubos de Vitoria da Conquista efetuavam investiga\u00e7\u00e3o de Roubos de Ve\u00edculos ocorridos na cidade, quando abordaram no Bairro Jurema a condutora do veiculo Fiat Palio, cor prata, ano 2010, ostentando placa policial JXH-5178. Ap\u00f3s averiguar a documenta\u00e7\u00e3o apresentada e os sinais identificadores do veiculo, os policiais constataram que o carro ostentava placa policial clonada, e na verdade tratava-se de um veiculo produto de Roubo ocorrido em Bras\u00edlia-DF, no dia 12\/01\/2010.<\/p>\n<p>A possuidora do carro, Valdirene Barbosa Pedreira, moradora da cidade de Barra do Cho\u00e7a, alegou que adquiriu o veiculo por sete mil e quinhentos reais, pois o vendedor lhe garantiu que o veiculo seria alienado com presta\u00e7\u00f5es em atraso, vulgarmente denominado \u201cPokemon\u201d. O Delegado Titular da DRFR, Bel. Cleber Rocha Andrade determinou lavratura de procedimento em desfavor de Valdirene por Recepta\u00e7\u00e3o Culposa, delito com pena de um m\u00eas a um ano de deten\u00e7\u00e3o.\u00a0<!--more--><\/p>\n<p>Este \u00e9 o segundo veiculo roubado em Bras\u00edlia e recuperado pela DRFR de Conquista em apenas dez dias, acreditando os investigadores terem descoberto uma das rotas de ve\u00edculos roubados \u201cdesovados\u201d na Regi\u00e3o, sendo que alguns indiv\u00edduos respons\u00e1veis pela venda dos carros, que agem na localidade denominada \u201cPedra\u201d j\u00e1 foram identificados, e os policiais aprofundam as investiga\u00e7\u00f5es no sentido de identificar outros participantes do grupo criminoso e esclarecer se a quadrilha age \u201cem m\u00e3o dupla\u201d, levando os ve\u00edculos roubados em Conquista para Bras\u00edlia.<\/p>\n<p><strong><em>Fonte: DRFR\/VC<br \/>\n<\/em><\/strong><\/p>\n","protected":false},"excerpt":{"rendered":"<p>Na quarta-feira, 03 de agosto de 2011, investigadores da DRFR \u2013 Delegacia de Repress\u00e3o a Furtos e Roubos de Vitoria da Conquista efetuavam investiga\u00e7\u00e3o de Roubos de Ve\u00edculos ocorridos na cidade, quando abordaram no Bairro Jurema a condutora do veiculo Fiat Palio, cor prata, ano 2010, ostentando placa policial JXH-5178. Ap\u00f3s averiguar a documenta\u00e7\u00e3o apresentada e os sinais identificadores do veiculo, os policiais constataram que o carro ostentava placa policial clonada, e na verdade tratava-se de um veiculo produto de Roubo ocorrido em Bras\u00edlia-DF, no dia 12\/01\/2010. A possuidora do carro, Valdirene Barbosa Pedreira, moradora da cidade de Barra do&#8230;<\/p>\n","protected":false},"author":2,"featured_media":0,"comment_status":"open","ping_status":"open","sticky":false,"template":"","format":"standard","meta":{"footnotes":"","_links_to":"","_links_to_target":""},"categories":[6],"tags":[],"class_list":["post-35513","post","type-post","status-publish","format-standard","hentry","category-noticias"],"acf":[],"views":485,"_links":{"self":[{"href":"https:\/\/www.walcordeiro.com.br\/v1\/wp-json\/wp\/v2\/posts\/35513","targetHints":{"allow":["GET"]}}],"collection":[{"href":"https:\/\/www.walcordeiro.com.br\/v1\/wp-json\/wp\/v2\/posts"}],"about":[{"href":"https:\/\/www.walcordeiro.com.br\/v1\/wp-json\/wp\/v2\/types\/post"}],"author":[{"embeddable":true,"href":"https:\/\/www.walcordeiro.com.br\/v1\/wp-json\/wp\/v2\/users\/2"}],"replies":[{"embeddable":true,"href":"https:\/\/www.walcordeiro.com.br\/v1\/wp-json\/wp\/v2\/comments?post=35513"}],"version-history":[{"count":1,"href":"https:\/\/www.walcordeiro.com.br\/v1\/wp-json\/wp\/v2\/posts\/35513\/revisions"}],"predecessor-version":[{"id":35514,"href":"https:\/\/www.walcordeiro.com.br\/v1\/wp-json\/wp\/v2\/posts\/35513\/revisions\/35514"}],"wp:attachment":[{"href":"https:\/\/www.walcordeiro.com.br\/v1\/wp-json\/wp\/v2\/media?parent=35513"}],"wp:term":[{"taxonomy":"category","embeddable":true,"href":"https:\/\/www.walcordeiro.com.br\/v1\/wp-json\/wp\/v2\/categories?post=35513"},{"taxonomy":"post_tag","embeddable":true,"href":"https:\/\/www.walcordeiro.com.br\/v1\/wp-json\/wp\/v2\/tags?post=35513"}],"curies":[{"name":"wp","href":"https:\/\/api.w.org\/{rel}","templated":true}]}}