{"id":34480,"date":"2011-07-10T08:18:26","date_gmt":"2011-07-10T11:18:26","guid":{"rendered":"http:\/\/www.walcordeiro.com.br\/v1\/?p=34480"},"modified":"2011-07-10T08:18:26","modified_gmt":"2011-07-10T11:18:26","slug":"van-de-cantor-sertanejo-bate-com-9-pessoas-na-br-101-em-guarapari","status":"publish","type":"post","link":"https:\/\/www.walcordeiro.com.br\/v1\/2011\/07\/10\/van-de-cantor-sertanejo-bate-com-9-pessoas-na-br-101-em-guarapari\/","title":{"rendered":"Van de cantor sertanejo bate com 9 pessoas na BR 101, em Guarapari"},"content":{"rendered":"<div>\n<div>\n<p><strong><em>Do G1 ES<\/em><\/strong><\/p>\n<\/div>\n<div><a title=\"Imprimir\" href=\"http:\/\/g1.globo.com\/espirito-santo\/noticia\/2011\/07\/vam-de-cantor-sertanejo-bate-com-9-pessoas-na-br-101-em-guarapari.html#\"><br \/>\n<\/a><\/div>\n<\/div>\n<div><img loading=\"lazy\" decoding=\"async\" title=\"Acidente com van de cantor sertanejo capixaba em Guarapari (Foto: Reprodu\u00e7\u00e3o\/TV Gazeta)\" src=\"http:\/\/s.glbimg.com\/jo\/g1\/f\/original\/2011\/07\/09\/acidente_guarapari-300.jpg\" alt=\"Acidente com van de cantor sertanejo capixaba em Guarapari (Foto: Reprodu\u00e7\u00e3o\/TV Gazeta)\" width=\"300\" height=\"225\" \/><strong> <\/strong><\/div>\n<div><strong>Ningu\u00e9m se feriu na van. Quatro pessoas se feriram<br \/>\nno Uno Mille (Foto: Reprodu\u00e7\u00e3o\/TV Gazeta)<\/strong><\/div>\n<p>Quatro pessoas ficaram feridas em um acidente na manh\u00e3 deste s\u00e1bado  (9), no quil\u00f4metro 331 da BR 101 Sul, em Guarapari. A Van do cantor  sertanejo Rodrigo Bala se envolveu na batida com um ve\u00edculo de passeio.  Segundo o motorista do cantor, Jos\u00e9 T\u00eanes, o condutor do Uno Mille  tentou fazer uma ultrapassagem proibida.<\/p>\n<p>Nove pessoas estavam dentro da Van, mas ningu\u00e9m se feriu. J\u00e1 no Uno  Mille, quatro pessoas sofreram les\u00f5es. Elas foram socorridas pelo Samu  192, pelo Corpo de Bombeiros e foram encaminhadas para hospitais na  Grande Vit\u00f3ria. Tr\u00eas pessoas foram encaminhados para a Unidade de Pronto  Atendimento de Guarapari e uma, para o Hospital Ant\u00f4nio Bezerra de  Faria, em Vila Velha.<\/p>\n<p>A equipe do cantor voltava de um show em Itaipava, no litoral Sul do  Esp\u00edrito Santo. Rodrigo Bala n\u00e3o estava na Van. Ele voltou do show em um  carro particular.<\/p>\n","protected":false},"excerpt":{"rendered":"<p>Do G1 ES Ningu\u00e9m se feriu na van. Quatro pessoas se feriram no Uno Mille (Foto: Reprodu\u00e7\u00e3o\/TV Gazeta) Quatro pessoas ficaram feridas em um acidente na manh\u00e3 deste s\u00e1bado (9), no quil\u00f4metro 331 da BR 101 Sul, em Guarapari. A Van do cantor sertanejo Rodrigo Bala se envolveu na batida com um ve\u00edculo de passeio. Segundo o motorista do cantor, Jos\u00e9 T\u00eanes, o condutor do Uno Mille tentou fazer uma ultrapassagem proibida. Nove pessoas estavam dentro da Van, mas ningu\u00e9m se feriu. J\u00e1 no Uno Mille, quatro pessoas sofreram les\u00f5es. Elas foram socorridas pelo Samu 192, pelo Corpo de Bombeiros&#8230;<\/p>\n","protected":false},"author":2,"featured_media":0,"comment_status":"open","ping_status":"open","sticky":false,"template":"","format":"standard","meta":{"footnotes":"","_links_to":"","_links_to_target":""},"categories":[6],"tags":[],"class_list":["post-34480","post","type-post","status-publish","format-standard","hentry","category-noticias"],"acf":[],"views":506,"_links":{"self":[{"href":"https:\/\/www.walcordeiro.com.br\/v1\/wp-json\/wp\/v2\/posts\/34480","targetHints":{"allow":["GET"]}}],"collection":[{"href":"https:\/\/www.walcordeiro.com.br\/v1\/wp-json\/wp\/v2\/posts"}],"about":[{"href":"https:\/\/www.walcordeiro.com.br\/v1\/wp-json\/wp\/v2\/types\/post"}],"author":[{"embeddable":true,"href":"https:\/\/www.walcordeiro.com.br\/v1\/wp-json\/wp\/v2\/users\/2"}],"replies":[{"embeddable":true,"href":"https:\/\/www.walcordeiro.com.br\/v1\/wp-json\/wp\/v2\/comments?post=34480"}],"version-history":[{"count":1,"href":"https:\/\/www.walcordeiro.com.br\/v1\/wp-json\/wp\/v2\/posts\/34480\/revisions"}],"predecessor-version":[{"id":34481,"href":"https:\/\/www.walcordeiro.com.br\/v1\/wp-json\/wp\/v2\/posts\/34480\/revisions\/34481"}],"wp:attachment":[{"href":"https:\/\/www.walcordeiro.com.br\/v1\/wp-json\/wp\/v2\/media?parent=34480"}],"wp:term":[{"taxonomy":"category","embeddable":true,"href":"https:\/\/www.walcordeiro.com.br\/v1\/wp-json\/wp\/v2\/categories?post=34480"},{"taxonomy":"post_tag","embeddable":true,"href":"https:\/\/www.walcordeiro.com.br\/v1\/wp-json\/wp\/v2\/tags?post=34480"}],"curies":[{"name":"wp","href":"https:\/\/api.w.org\/{rel}","templated":true}]}}