{"id":3256,"date":"2010-03-19T10:17:49","date_gmt":"2010-03-19T13:17:49","guid":{"rendered":"http:\/\/www.walcordeiro.com.br\/v1\/?p=3256"},"modified":"2010-03-19T10:17:49","modified_gmt":"2010-03-19T13:17:49","slug":"jovem-e-morto-a-tiros-em-paripe-nesta-sexta-feira","status":"publish","type":"post","link":"https:\/\/www.walcordeiro.com.br\/v1\/2010\/03\/19\/jovem-e-morto-a-tiros-em-paripe-nesta-sexta-feira\/","title":{"rendered":"Jovem \u00e9 morto a tiros em Paripe nesta sexta-feira"},"content":{"rendered":"<p>Salvador &#8211; Um homem foi assassinado na manh\u00e3 desta sexta-feira, 19, em Paripe. Derivaldo Batista Santos, 21 anos, estava acompanhado de um amigo na rua Almirante Mour\u00e3o de S\u00e1 quando foi surpreendido por dois criminosos. O jovem foi alvejado na cabe\u00e7a e bra\u00e7o direito.<\/p>\n<p>De acordo com policiais da 5\u00b0 CP, no Sub\u00farbio Ferrovi\u00e1rio de Salvador, Derivaldo\u00a0chegou sem sinais vitais ao Hospital Jo\u00e3o Batista Carib\u00e9.\u00a0N\u00e3o h\u00e1 informa\u00e7\u00f5es sobre o rapaz que o acompanhava na hora do crime.<!--more--><\/p>\n<p>Os investigadores tentam identificar\u00a0os autores dos disparos e a motiva\u00e7\u00e3o do assassinato. As primeiras informa\u00e7\u00f5es da Central de Telecomunica\u00e7\u00f5es das Pol\u00edcias Civil e Militar (Centel) \u00e9 de que a ocorr\u00eancia se tratava de um tiroteio, mas agentes da 5\u00b0 CP disseram que n\u00e3o houve troca de tiros.<\/p>\n<p><strong>A Tarde<\/strong><\/p>\n","protected":false},"excerpt":{"rendered":"<p>Salvador &#8211; Um homem foi assassinado na manh\u00e3 desta sexta-feira, 19, em Paripe. Derivaldo Batista Santos, 21 anos, estava acompanhado de um amigo na rua Almirante Mour\u00e3o de S\u00e1 quando foi surpreendido por dois criminosos. O jovem foi alvejado na cabe\u00e7a e bra\u00e7o direito. De acordo com policiais da 5\u00b0 CP, no Sub\u00farbio Ferrovi\u00e1rio de Salvador, Derivaldo\u00a0chegou sem sinais vitais ao Hospital Jo\u00e3o Batista Carib\u00e9.\u00a0N\u00e3o h\u00e1 informa\u00e7\u00f5es sobre o rapaz que o acompanhava na hora do crime.<\/p>\n","protected":false},"author":2,"featured_media":0,"comment_status":"open","ping_status":"open","sticky":false,"template":"","format":"standard","meta":{"footnotes":"","_links_to":"","_links_to_target":""},"categories":[6],"tags":[1443,519,114],"class_list":["post-3256","post","type-post","status-publish","format-standard","hentry","category-noticias","tag-paripe","tag-salvador","tag-violencia"],"acf":[],"views":616,"_links":{"self":[{"href":"https:\/\/www.walcordeiro.com.br\/v1\/wp-json\/wp\/v2\/posts\/3256","targetHints":{"allow":["GET"]}}],"collection":[{"href":"https:\/\/www.walcordeiro.com.br\/v1\/wp-json\/wp\/v2\/posts"}],"about":[{"href":"https:\/\/www.walcordeiro.com.br\/v1\/wp-json\/wp\/v2\/types\/post"}],"author":[{"embeddable":true,"href":"https:\/\/www.walcordeiro.com.br\/v1\/wp-json\/wp\/v2\/users\/2"}],"replies":[{"embeddable":true,"href":"https:\/\/www.walcordeiro.com.br\/v1\/wp-json\/wp\/v2\/comments?post=3256"}],"version-history":[{"count":1,"href":"https:\/\/www.walcordeiro.com.br\/v1\/wp-json\/wp\/v2\/posts\/3256\/revisions"}],"predecessor-version":[{"id":3257,"href":"https:\/\/www.walcordeiro.com.br\/v1\/wp-json\/wp\/v2\/posts\/3256\/revisions\/3257"}],"wp:attachment":[{"href":"https:\/\/www.walcordeiro.com.br\/v1\/wp-json\/wp\/v2\/media?parent=3256"}],"wp:term":[{"taxonomy":"category","embeddable":true,"href":"https:\/\/www.walcordeiro.com.br\/v1\/wp-json\/wp\/v2\/categories?post=3256"},{"taxonomy":"post_tag","embeddable":true,"href":"https:\/\/www.walcordeiro.com.br\/v1\/wp-json\/wp\/v2\/tags?post=3256"}],"curies":[{"name":"wp","href":"https:\/\/api.w.org\/{rel}","templated":true}]}}