{"id":31263,"date":"2011-05-02T07:37:36","date_gmt":"2011-05-02T10:37:36","guid":{"rendered":"http:\/\/www.walcordeiro.com.br\/v1\/?p=31263"},"modified":"2011-05-02T07:37:36","modified_gmt":"2011-05-02T10:37:36","slug":"com-aeroporto-conquista-podera-ser-subsede-da-copa","status":"publish","type":"post","link":"https:\/\/www.walcordeiro.com.br\/v1\/2011\/05\/02\/com-aeroporto-conquista-podera-ser-subsede-da-copa\/","title":{"rendered":"Com aeroporto Conquista poder\u00e1 ser subsede da Copa"},"content":{"rendered":"<p><em>Por Jos\u00e9 Maria Caires<\/em><\/p>\n<p>O aeroporto de Vit\u00f3ria da Conquista, cada dia mais pr\u00f3ximo, apesar de ser uma reivindica\u00e7\u00e3o antiga, nos \u00faltimos anos houve uma grande evolu\u00e7\u00e3o no andamento da concretiza\u00e7\u00e3o do sonho da regi\u00e3o.<\/p>\n<p>Com:<\/p>\n<p>1-recursos assegurados no or\u00e7amento, 2-\u00e1rea definida e em processo de desapropria\u00e7\u00e3o, 3-projeto executivo conclu\u00eddo, 4-licen\u00e7a ambiental em fase de conclus\u00e3o, resta agora, mais uma vez a uni\u00e3o de todos os segmentos para cobrar do Governo agilidade no edital de Concorr\u00eancia P\u00fablica para contrata\u00e7\u00e3o da empresa de Constru\u00e7\u00e3o. Estima-se que em 24 meses ap\u00f3s a licita\u00e7\u00e3o, a obra poder\u00e1 ser conclu\u00edda, h\u00e1 at\u00e9 quem acredita na possibilidade de uma redu\u00e7\u00e3o nesse prazo, um exemplo dessa possibilidade, foi do aeroporto de Len\u00e7\u00f3is aqui mesmo na Bahia, que foi constru\u00eddo em 10 meses. Apesar do questionamento da exist\u00eancia de uma pequena \u00e1rea de MATA DE CIP\u00d3 que poderia emperrar a licen\u00e7a ambiental, essa possibilidade foi totalmente descartada pelo Instituto do Meio Ambiente (Ima), que inclusive j\u00e1 realizou apresenta\u00e7\u00e3o do projeto no local da obra, discutindo os impactos com a sociedade envolvida. O aeroporto ser\u00e1 constru\u00eddo numa \u00e1rea totalmente desmatada, sendo necess\u00e1ria apenas a limpeza e regulariza\u00e7\u00e3o do terreno. Queremos, portanto agradecer mais uma vez o apoio de todos os partidos pol\u00edticos, de todos representantes da sociedade civil organizada, dos clubes de servi\u00e7os, das entidades de classe e, sobretudo da imprensa escrita, falada e televisada em prol desse grande projeto que transformar\u00e1 nossa Regi\u00e3o.<\/p>\n","protected":false},"excerpt":{"rendered":"<p>Por Jos\u00e9 Maria Caires O aeroporto de Vit\u00f3ria da Conquista, cada dia mais pr\u00f3ximo, apesar de ser uma reivindica\u00e7\u00e3o antiga, nos \u00faltimos anos houve uma grande evolu\u00e7\u00e3o no andamento da concretiza\u00e7\u00e3o do sonho da regi\u00e3o. Com: 1-recursos assegurados no or\u00e7amento, 2-\u00e1rea definida e em processo de desapropria\u00e7\u00e3o, 3-projeto executivo conclu\u00eddo, 4-licen\u00e7a ambiental em fase de conclus\u00e3o, resta agora, mais uma vez a uni\u00e3o de todos os segmentos para cobrar do Governo agilidade no edital de Concorr\u00eancia P\u00fablica para contrata\u00e7\u00e3o da empresa de Constru\u00e7\u00e3o. Estima-se que em 24 meses ap\u00f3s a licita\u00e7\u00e3o, a obra poder\u00e1 ser conclu\u00edda, h\u00e1 at\u00e9 quem acredita&#8230;<\/p>\n","protected":false},"author":2,"featured_media":0,"comment_status":"open","ping_status":"open","sticky":false,"template":"","format":"standard","meta":{"footnotes":"","_links_to":"","_links_to_target":""},"categories":[6],"tags":[],"class_list":["post-31263","post","type-post","status-publish","format-standard","hentry","category-noticias"],"acf":[],"views":373,"_links":{"self":[{"href":"https:\/\/www.walcordeiro.com.br\/v1\/wp-json\/wp\/v2\/posts\/31263","targetHints":{"allow":["GET"]}}],"collection":[{"href":"https:\/\/www.walcordeiro.com.br\/v1\/wp-json\/wp\/v2\/posts"}],"about":[{"href":"https:\/\/www.walcordeiro.com.br\/v1\/wp-json\/wp\/v2\/types\/post"}],"author":[{"embeddable":true,"href":"https:\/\/www.walcordeiro.com.br\/v1\/wp-json\/wp\/v2\/users\/2"}],"replies":[{"embeddable":true,"href":"https:\/\/www.walcordeiro.com.br\/v1\/wp-json\/wp\/v2\/comments?post=31263"}],"version-history":[{"count":1,"href":"https:\/\/www.walcordeiro.com.br\/v1\/wp-json\/wp\/v2\/posts\/31263\/revisions"}],"predecessor-version":[{"id":31264,"href":"https:\/\/www.walcordeiro.com.br\/v1\/wp-json\/wp\/v2\/posts\/31263\/revisions\/31264"}],"wp:attachment":[{"href":"https:\/\/www.walcordeiro.com.br\/v1\/wp-json\/wp\/v2\/media?parent=31263"}],"wp:term":[{"taxonomy":"category","embeddable":true,"href":"https:\/\/www.walcordeiro.com.br\/v1\/wp-json\/wp\/v2\/categories?post=31263"},{"taxonomy":"post_tag","embeddable":true,"href":"https:\/\/www.walcordeiro.com.br\/v1\/wp-json\/wp\/v2\/tags?post=31263"}],"curies":[{"name":"wp","href":"https:\/\/api.w.org\/{rel}","templated":true}]}}