{"id":29237,"date":"2011-03-18T19:12:40","date_gmt":"2011-03-18T22:12:40","guid":{"rendered":"http:\/\/www.walcordeiro.com.br\/v1\/?p=29237"},"modified":"2011-03-18T19:12:40","modified_gmt":"2011-03-18T22:12:40","slug":"feira-coopmac-sebrae-divulga-palestras-que-serao-realizadas-na-expoconquista-2011","status":"publish","type":"post","link":"https:\/\/www.walcordeiro.com.br\/v1\/2011\/03\/18\/feira-coopmac-sebrae-divulga-palestras-que-serao-realizadas-na-expoconquista-2011\/","title":{"rendered":"Feira Coopmac Sebrae divulga palestras que ser\u00e3o realizadas na Expoconquista 2011"},"content":{"rendered":"<p><em><strong> <\/strong><\/em><\/p>\n<p><img loading=\"lazy\" decoding=\"async\" title=\"feira-coopmac-sebrae-300x200\" src=\"http:\/\/www.blogdaresenhageral.com.br\/v1\/wp-content\/uploads\/feira-coopmac-sebrae-300x2002.jpg\" alt=\"\" width=\"300\" height=\"200\" \/><\/p>\n<p>Uma  das grandes atra\u00e7\u00f5es da Expoconquista, que acontece no per\u00edodo de 25 de  mar\u00e7o a 03 de abril, \u00e9 a Feira Coopmac Sebrae, que esse ano chega a sua  oitava edi\u00e7\u00e3o. A expectativa \u00e9 que o evento re\u00fana expositores de todo o  pa\u00eds.<\/p>\n<p>Al\u00e9m disso, ser\u00e3o realizadas palestras e oficinas que ir\u00e3o discutir  diversos temas, como \u201cOs Novos Desafios da \u00c1rea de Vendas para Atender  um Novo Perfil de Consumidor\u201d, \u201cO Empreendedor Individual \u2013 Gest\u00e3o e  Controles\u201d, \u201cComportamento Organizacional\u201d, \u201cOs Dez Mandamentos da  Excel\u00eancia no Atendimento\u201d, al\u00e9m de cursos de culin\u00e1ria e  aperfei\u00e7oamento profissional. Tudo de forma gratuita.<\/p>\n","protected":false},"excerpt":{"rendered":"<p>Uma das grandes atra\u00e7\u00f5es da Expoconquista, que acontece no per\u00edodo de 25 de mar\u00e7o a 03 de abril, \u00e9 a Feira Coopmac Sebrae, que esse ano chega a sua oitava edi\u00e7\u00e3o. A expectativa \u00e9 que o evento re\u00fana expositores de todo o pa\u00eds. Al\u00e9m disso, ser\u00e3o realizadas palestras e oficinas que ir\u00e3o discutir diversos temas, como \u201cOs Novos Desafios da \u00c1rea de Vendas para Atender um Novo Perfil de Consumidor\u201d, \u201cO Empreendedor Individual \u2013 Gest\u00e3o e Controles\u201d, \u201cComportamento Organizacional\u201d, \u201cOs Dez Mandamentos da Excel\u00eancia no Atendimento\u201d, al\u00e9m de cursos de culin\u00e1ria e aperfei\u00e7oamento profissional. Tudo de forma gratuita.<\/p>\n","protected":false},"author":2,"featured_media":0,"comment_status":"open","ping_status":"open","sticky":false,"template":"","format":"standard","meta":{"footnotes":"","_links_to":"","_links_to_target":""},"categories":[6],"tags":[],"class_list":["post-29237","post","type-post","status-publish","format-standard","hentry","category-noticias"],"acf":[],"views":528,"_links":{"self":[{"href":"https:\/\/www.walcordeiro.com.br\/v1\/wp-json\/wp\/v2\/posts\/29237","targetHints":{"allow":["GET"]}}],"collection":[{"href":"https:\/\/www.walcordeiro.com.br\/v1\/wp-json\/wp\/v2\/posts"}],"about":[{"href":"https:\/\/www.walcordeiro.com.br\/v1\/wp-json\/wp\/v2\/types\/post"}],"author":[{"embeddable":true,"href":"https:\/\/www.walcordeiro.com.br\/v1\/wp-json\/wp\/v2\/users\/2"}],"replies":[{"embeddable":true,"href":"https:\/\/www.walcordeiro.com.br\/v1\/wp-json\/wp\/v2\/comments?post=29237"}],"version-history":[{"count":1,"href":"https:\/\/www.walcordeiro.com.br\/v1\/wp-json\/wp\/v2\/posts\/29237\/revisions"}],"predecessor-version":[{"id":29238,"href":"https:\/\/www.walcordeiro.com.br\/v1\/wp-json\/wp\/v2\/posts\/29237\/revisions\/29238"}],"wp:attachment":[{"href":"https:\/\/www.walcordeiro.com.br\/v1\/wp-json\/wp\/v2\/media?parent=29237"}],"wp:term":[{"taxonomy":"category","embeddable":true,"href":"https:\/\/www.walcordeiro.com.br\/v1\/wp-json\/wp\/v2\/categories?post=29237"},{"taxonomy":"post_tag","embeddable":true,"href":"https:\/\/www.walcordeiro.com.br\/v1\/wp-json\/wp\/v2\/tags?post=29237"}],"curies":[{"name":"wp","href":"https:\/\/api.w.org\/{rel}","templated":true}]}}