{"id":27537,"date":"2011-02-14T07:24:17","date_gmt":"2011-02-14T10:24:17","guid":{"rendered":"http:\/\/www.walcordeiro.com.br\/v1\/?p=27537"},"modified":"2011-02-14T07:24:17","modified_gmt":"2011-02-14T10:24:17","slug":"dilma-diz-que-novo-fies-tera-credito-mais-barato-e-maior-tempo-de-carencia","status":"publish","type":"post","link":"https:\/\/www.walcordeiro.com.br\/v1\/2011\/02\/14\/dilma-diz-que-novo-fies-tera-credito-mais-barato-e-maior-tempo-de-carencia\/","title":{"rendered":"Dilma diz que novo Fies ter\u00e1 cr\u00e9dito mais barato e maior tempo de car\u00eancia"},"content":{"rendered":"<p><em><strong>da Ag\u00eancia Brasil<br \/>\n<\/strong><\/em><br \/>\nBras\u00edlia \u2013 A presidenta Dilma Rousseff afirmou hoje (14) que o novo Programa de Financiamento Estudantil (Fies) ter\u00e1 condi\u00e7\u00f5es gerais de financiamento \u201cmuito mais leves\u201d \u2013 incluindo juros de 3,4% e maior tempo de car\u00eancia.<br \/>\nEm seu programa semanal <em>Caf\u00e9 com a Presidenta<\/em>, ela anunciou que o aluno s\u00f3 ter\u00e1 que come\u00e7ar a pagar o financiamento do curso superior um ano e meio depois de formado. Nesse per\u00edodo, segundo Dilma, ser\u00e1 poss\u00edvel encontrar um emprego e obter uma renda. Dependendo do curso escolhido na faculdade, como no caso de medicina, o pagamento poder\u00e1 ser feito em at\u00e9 20 anos.<br \/>\nA presidenta explicou ainda que, caso o aluno que adquiriu financiamento pelo Fies decida fazer um curso de licenciatura e d\u00ea aulas em escolas p\u00fablicas, a d\u00edvida no novo Fies ser\u00e1 \u201cperdoada\u201d, por meio de uma redu\u00e7\u00e3o de 1% a cada m\u00eas de exerc\u00edcio profissional.<br \/>\n<!--more--><br \/>\nOutra novidade j\u00e1 anunciada pelo governo \u00e9 que o programa vai incluir alunos com renda de at\u00e9 um sal\u00e1rio m\u00ednimo e meio de renda. Antes, eles precisavam arrumar um fiador para ter acesso ao cr\u00e9dito estudantil. \u201cAgora, o pr\u00f3prio governo \u00e9 fiador\u201d, disse a presidenta.<\/p>\n","protected":false},"excerpt":{"rendered":"<p>da Ag\u00eancia Brasil Bras\u00edlia \u2013 A presidenta Dilma Rousseff afirmou hoje (14) que o novo Programa de Financiamento Estudantil (Fies) ter\u00e1 condi\u00e7\u00f5es gerais de financiamento \u201cmuito mais leves\u201d \u2013 incluindo juros de 3,4% e maior tempo de car\u00eancia. Em seu programa semanal Caf\u00e9 com a Presidenta, ela anunciou que o aluno s\u00f3 ter\u00e1 que come\u00e7ar a pagar o financiamento do curso superior um ano e meio depois de formado. Nesse per\u00edodo, segundo Dilma, ser\u00e1 poss\u00edvel encontrar um emprego e obter uma renda. Dependendo do curso escolhido na faculdade, como no caso de medicina, o pagamento poder\u00e1 ser feito em at\u00e9&#8230;<\/p>\n","protected":false},"author":2,"featured_media":0,"comment_status":"open","ping_status":"open","sticky":false,"template":"","format":"standard","meta":{"footnotes":"","_links_to":"","_links_to_target":""},"categories":[6],"tags":[],"class_list":["post-27537","post","type-post","status-publish","format-standard","hentry","category-noticias"],"acf":[],"views":441,"_links":{"self":[{"href":"https:\/\/www.walcordeiro.com.br\/v1\/wp-json\/wp\/v2\/posts\/27537","targetHints":{"allow":["GET"]}}],"collection":[{"href":"https:\/\/www.walcordeiro.com.br\/v1\/wp-json\/wp\/v2\/posts"}],"about":[{"href":"https:\/\/www.walcordeiro.com.br\/v1\/wp-json\/wp\/v2\/types\/post"}],"author":[{"embeddable":true,"href":"https:\/\/www.walcordeiro.com.br\/v1\/wp-json\/wp\/v2\/users\/2"}],"replies":[{"embeddable":true,"href":"https:\/\/www.walcordeiro.com.br\/v1\/wp-json\/wp\/v2\/comments?post=27537"}],"version-history":[{"count":1,"href":"https:\/\/www.walcordeiro.com.br\/v1\/wp-json\/wp\/v2\/posts\/27537\/revisions"}],"predecessor-version":[{"id":27538,"href":"https:\/\/www.walcordeiro.com.br\/v1\/wp-json\/wp\/v2\/posts\/27537\/revisions\/27538"}],"wp:attachment":[{"href":"https:\/\/www.walcordeiro.com.br\/v1\/wp-json\/wp\/v2\/media?parent=27537"}],"wp:term":[{"taxonomy":"category","embeddable":true,"href":"https:\/\/www.walcordeiro.com.br\/v1\/wp-json\/wp\/v2\/categories?post=27537"},{"taxonomy":"post_tag","embeddable":true,"href":"https:\/\/www.walcordeiro.com.br\/v1\/wp-json\/wp\/v2\/tags?post=27537"}],"curies":[{"name":"wp","href":"https:\/\/api.w.org\/{rel}","templated":true}]}}