{"id":26996,"date":"2011-02-03T14:26:14","date_gmt":"2011-02-03T17:26:14","guid":{"rendered":"http:\/\/www.walcordeiro.com.br\/v1\/?p=26996"},"modified":"2011-02-03T14:26:14","modified_gmt":"2011-02-03T17:26:14","slug":"ima-libera-licenca-ambiental-para-implantacao-de-oito-parques-eolicos-na-bahia","status":"publish","type":"post","link":"https:\/\/www.walcordeiro.com.br\/v1\/2011\/02\/03\/ima-libera-licenca-ambiental-para-implantacao-de-oito-parques-eolicos-na-bahia\/","title":{"rendered":"IMA libera licen\u00e7a ambiental para implanta\u00e7\u00e3o de oito parques e\u00f3licos na Bahia"},"content":{"rendered":"<div><img loading=\"lazy\" decoding=\"async\" class=\"alignright\" title=\"e\u00f3lica\" src=\"http:\/\/t0.gstatic.com\/images?q=tbn:ANd9GcR1HimrxXl1g8_eigxZBWUE8wDTM9mDcpCqfRc_CrENR2NQ8qr2eA\" alt=\"\" width=\"264\" height=\"176\" \/>O Instituto de <a href=\"http:\/\/www.tribunadabahia.com.br\/news.php?idAtual=72435#\">Meio Ambiente<\/a> do Estado da Bahia (IMA) liberou as licen\u00e7as ambientais de implanta\u00e7\u00e3o  dos oito parques e\u00f3licos da Renova Energia que ser\u00e3o constru\u00eddos no  interior do estado. As licen\u00e7as permitem o in\u00edcio de constru\u00e7\u00e3o dos  parques, que dever\u00e1 se iniciar ainda neste m\u00eas de fevereiro.<\/div>\n<div>O secret\u00e1rio da Ind\u00fastria, Com\u00e9rcio e Minera\u00e7\u00e3o, James  Correia, refor\u00e7ou a convic\u00e7\u00e3o de que 2011 ser\u00e1 o ano da energia na  Bahia. \u201cA licen\u00e7a <a href=\"http:\/\/www.tribunadabahia.com.br\/news.php?idAtual=72435#\">ambiental<\/a> \u00e9 um passo importante para a implanta\u00e7\u00e3o dos parques e\u00f3licos, que v\u00e3o  gerar resultados econ\u00f4micos surpreendentes. O que j\u00e1 temos aprovado de  projetos com a energia gerada pelos ventos corresponde ao que produz uma  hidrel\u00e9trica do porte de Itaipu\u201d, disse Correia.<\/div>\n<div>Al\u00e9m da licen\u00e7a, a empresa conseguiu a aprova\u00e7\u00e3o da ANEEL do  aumento de capacidade dos seus 14 parques que passou de 270 MW para  293,6 MW. A altera\u00e7\u00e3o da pot\u00eancia instalada se deve \u00e0 mudan\u00e7a dos  equipamentos negociados com a GE, que resultou na substitui\u00e7\u00e3o de  aerogeradores modelo 1.5 XLE\/SLE pelo modelo 1.6 XLE, al\u00e9m da aquisi\u00e7\u00e3o  de quatro turbinas adicionais, totalizando assim 184 \u201ccata-ventos\u201d para  os 14 parques e\u00f3licos baianos da Renova.<\/div>\n<div>Juntos, os parques formar\u00e3o o maior complexo e\u00f3lico do pa\u00eds, com  previs\u00e3o de in\u00edcio da opera\u00e7\u00e3o comercial em 1\u00ba de julho de 2012. Os  contratos de compra e venda de energia foram celebrados com a C\u00e2mara de  Comercializa\u00e7\u00e3o de Energia El\u00e9trica &#8211; CCEE por um prazo de 20 anos. Os  oito parques que tiveram a licen\u00e7a de implanta\u00e7\u00e3o liberada foram  contratados no leil\u00e3o de energia de reserva de 2009. Os outros seis, que  tamb\u00e9m foram contratados no mesmo leil\u00e3o, est\u00e3o com seu processo de  licen\u00e7a em andamento. Os investimentos previstos s\u00e3o da ordem de R$ 1,17  bilh\u00e3o. Da Tribuna<\/div>\n","protected":false},"excerpt":{"rendered":"<p>O Instituto de Meio Ambiente do Estado da Bahia (IMA) liberou as licen\u00e7as ambientais de implanta\u00e7\u00e3o dos oito parques e\u00f3licos da Renova Energia que ser\u00e3o constru\u00eddos no interior do estado. As licen\u00e7as permitem o in\u00edcio de constru\u00e7\u00e3o dos parques, que dever\u00e1 se iniciar ainda neste m\u00eas de fevereiro. O secret\u00e1rio da Ind\u00fastria, Com\u00e9rcio e Minera\u00e7\u00e3o, James Correia, refor\u00e7ou a convic\u00e7\u00e3o de que 2011 ser\u00e1 o ano da energia na Bahia. \u201cA licen\u00e7a ambiental \u00e9 um passo importante para a implanta\u00e7\u00e3o dos parques e\u00f3licos, que v\u00e3o gerar resultados econ\u00f4micos surpreendentes. O que j\u00e1 temos aprovado de projetos com a energia gerada&#8230;<\/p>\n","protected":false},"author":2,"featured_media":0,"comment_status":"open","ping_status":"open","sticky":false,"template":"","format":"standard","meta":{"footnotes":"","_links_to":"","_links_to_target":""},"categories":[6],"tags":[],"class_list":["post-26996","post","type-post","status-publish","format-standard","hentry","category-noticias"],"acf":[],"views":529,"_links":{"self":[{"href":"https:\/\/www.walcordeiro.com.br\/v1\/wp-json\/wp\/v2\/posts\/26996","targetHints":{"allow":["GET"]}}],"collection":[{"href":"https:\/\/www.walcordeiro.com.br\/v1\/wp-json\/wp\/v2\/posts"}],"about":[{"href":"https:\/\/www.walcordeiro.com.br\/v1\/wp-json\/wp\/v2\/types\/post"}],"author":[{"embeddable":true,"href":"https:\/\/www.walcordeiro.com.br\/v1\/wp-json\/wp\/v2\/users\/2"}],"replies":[{"embeddable":true,"href":"https:\/\/www.walcordeiro.com.br\/v1\/wp-json\/wp\/v2\/comments?post=26996"}],"version-history":[{"count":2,"href":"https:\/\/www.walcordeiro.com.br\/v1\/wp-json\/wp\/v2\/posts\/26996\/revisions"}],"predecessor-version":[{"id":26998,"href":"https:\/\/www.walcordeiro.com.br\/v1\/wp-json\/wp\/v2\/posts\/26996\/revisions\/26998"}],"wp:attachment":[{"href":"https:\/\/www.walcordeiro.com.br\/v1\/wp-json\/wp\/v2\/media?parent=26996"}],"wp:term":[{"taxonomy":"category","embeddable":true,"href":"https:\/\/www.walcordeiro.com.br\/v1\/wp-json\/wp\/v2\/categories?post=26996"},{"taxonomy":"post_tag","embeddable":true,"href":"https:\/\/www.walcordeiro.com.br\/v1\/wp-json\/wp\/v2\/tags?post=26996"}],"curies":[{"name":"wp","href":"https:\/\/api.w.org\/{rel}","templated":true}]}}