{"id":26062,"date":"2011-01-18T16:56:09","date_gmt":"2011-01-18T19:56:09","guid":{"rendered":"http:\/\/www.walcordeiro.com.br\/v1\/?p=26062"},"modified":"2011-01-18T16:57:46","modified_gmt":"2011-01-18T19:57:46","slug":"conquista-prefeito-e-coopasub-discutem-novas-parceirias","status":"publish","type":"post","link":"https:\/\/www.walcordeiro.com.br\/v1\/2011\/01\/18\/conquista-prefeito-e-coopasub-discutem-novas-parceirias\/","title":{"rendered":"Conquista: Prefeito e Coopasub discutem novas parceirias"},"content":{"rendered":"<p><img loading=\"lazy\" decoding=\"async\" src=\"http:\/\/pmvc.com.br\/v1\/images\/editor\/images\/12(2).jpg\" border=\"0\" alt=\"\" hspace=\"10\" vspace=\"10\" width=\"200\" height=\"154\" align=\"left\" \/><\/p>\n<p>O Prefeito Guilherme Menezes se reuniu nesta manh\u00e3, 18, com representantes da Cooperativa Mista Agropecu\u00e1ria de Pequenos Agricultores do Sudoeste da Bahia\/Coopasub para discutir projetos realizados pela cooperativa em parceria com a Prefeitura.<br \/>\nO secret\u00e1rio de Agricultura, Hildebrando Oliveira, e o coordenador de Agricultura Familiar, Noeci Salgado, tamb\u00e9m participaram da reuni\u00e3o.<br \/>\n<strong>Unidades de Produ\u00e7\u00e3o de F\u00e9cula da Mandioca <\/strong>&#8211; Um grande projeto da cooperativa, que contou com a parceria do governo municipal, \u00e9 o da constru\u00e7\u00e3o das Unidades de Produ\u00e7\u00e3o de F\u00e9cula da Mandioca e de Empacotamento da Fecularia. A unidade industrial, constru\u00edda em um terreno doado pela Prefeitura de Vit\u00f3ria da Conquista no povoado de Corta Lote, ser\u00e1 inaugurada em breve.<br \/>\nO espa\u00e7o ter\u00e1 uma unidade de fabrica\u00e7\u00e3o de f\u00e9cula com capacidade para processar 100 toneladas de raiz de mandioca por dia, al\u00e9m de um m\u00f3dulo de empacotamento de farinha e um m\u00f3dulo administrativo. Os recursos para a constru\u00e7\u00e3o das unidades de produ\u00e7\u00e3o e empacotamento s\u00e3o provenientes da Funda\u00e7\u00e3o Banco do Brasil\u00a0 e do Banco Nacional de Desenvolvimento Econ\u00f4mico e Social \/BNDES.<br \/>\n<!--more--><br \/>\nDe acordo com o diretor-presidente da Coopasub, Izaltiene Rodrigues Gomes, \u00e9 grande a expectativa dos produtores para a inaugura\u00e7\u00e3o da unidade industrial. \u201cHoje h\u00e1 uma oscila\u00e7\u00e3o muito grande do pre\u00e7o de raiz da mandioca. Com a f\u00e1brica, moendo aqui pr\u00f3ximo e produzindo a f\u00e9cula teremos uma oscila\u00e7\u00e3o bem menor do pre\u00e7o, beneficiando todos os cooperados\u201d. Quanto a reuni\u00e3o realizada com a Prefeitura, ele afirmou:\u00a0 \u201cA reuni\u00e3o foi produtiva. \u00c9 a continuidade de uma parceria que tem dado certo\u201d.<br \/>\nSECOM\/PMVC<\/p>\n","protected":false},"excerpt":{"rendered":"<p>O Prefeito Guilherme Menezes se reuniu nesta manh\u00e3, 18, com representantes da Cooperativa Mista Agropecu\u00e1ria de Pequenos Agricultores do Sudoeste da Bahia\/Coopasub para discutir projetos realizados pela cooperativa em parceria com a Prefeitura. O secret\u00e1rio de Agricultura, Hildebrando Oliveira, e o coordenador de Agricultura Familiar, Noeci Salgado, tamb\u00e9m participaram da reuni\u00e3o. Unidades de Produ\u00e7\u00e3o de F\u00e9cula da Mandioca &#8211; Um grande projeto da cooperativa, que contou com a parceria do governo municipal, \u00e9 o da constru\u00e7\u00e3o das Unidades de Produ\u00e7\u00e3o de F\u00e9cula da Mandioca e de Empacotamento da Fecularia. A unidade industrial, constru\u00edda em um terreno doado pela Prefeitura de&#8230;<\/p>\n","protected":false},"author":2,"featured_media":0,"comment_status":"open","ping_status":"open","sticky":false,"template":"","format":"standard","meta":{"footnotes":"","_links_to":"","_links_to_target":""},"categories":[6],"tags":[],"class_list":["post-26062","post","type-post","status-publish","format-standard","hentry","category-noticias"],"acf":[],"views":520,"_links":{"self":[{"href":"https:\/\/www.walcordeiro.com.br\/v1\/wp-json\/wp\/v2\/posts\/26062","targetHints":{"allow":["GET"]}}],"collection":[{"href":"https:\/\/www.walcordeiro.com.br\/v1\/wp-json\/wp\/v2\/posts"}],"about":[{"href":"https:\/\/www.walcordeiro.com.br\/v1\/wp-json\/wp\/v2\/types\/post"}],"author":[{"embeddable":true,"href":"https:\/\/www.walcordeiro.com.br\/v1\/wp-json\/wp\/v2\/users\/2"}],"replies":[{"embeddable":true,"href":"https:\/\/www.walcordeiro.com.br\/v1\/wp-json\/wp\/v2\/comments?post=26062"}],"version-history":[{"count":3,"href":"https:\/\/www.walcordeiro.com.br\/v1\/wp-json\/wp\/v2\/posts\/26062\/revisions"}],"predecessor-version":[{"id":26066,"href":"https:\/\/www.walcordeiro.com.br\/v1\/wp-json\/wp\/v2\/posts\/26062\/revisions\/26066"}],"wp:attachment":[{"href":"https:\/\/www.walcordeiro.com.br\/v1\/wp-json\/wp\/v2\/media?parent=26062"}],"wp:term":[{"taxonomy":"category","embeddable":true,"href":"https:\/\/www.walcordeiro.com.br\/v1\/wp-json\/wp\/v2\/categories?post=26062"},{"taxonomy":"post_tag","embeddable":true,"href":"https:\/\/www.walcordeiro.com.br\/v1\/wp-json\/wp\/v2\/tags?post=26062"}],"curies":[{"name":"wp","href":"https:\/\/api.w.org\/{rel}","templated":true}]}}