{"id":25153,"date":"2010-12-24T09:22:36","date_gmt":"2010-12-24T12:22:36","guid":{"rendered":"http:\/\/www.walcordeiro.com.br\/v1\/?p=25153"},"modified":"2010-12-24T09:22:36","modified_gmt":"2010-12-24T12:22:36","slug":"aeroportos-tem-movimento-normal-na-vespera-de-natal-diz-infraero","status":"publish","type":"post","link":"https:\/\/www.walcordeiro.com.br\/v1\/2010\/12\/24\/aeroportos-tem-movimento-normal-na-vespera-de-natal-diz-infraero\/","title":{"rendered":"Aeroportos t\u00eam movimento normal na v\u00e9spera de Natal, diz Infraero"},"content":{"rendered":"<p><em><strong>Da Ag\u00eancia Brasil<\/strong><\/em><\/p>\n<p>Bras\u00edlia \u2013 Os brasileiros que se preparam para viajar nessa v\u00e9spera de Natal (24) encontrar\u00e3o movimento normal nos principais aeroportos do pa\u00eds. De acordo com dados da Empresa Brasileira de Infraestrutura Aeroportu\u00e1ria (Infraero), do total de 685 voos programados at\u00e9 as 9h de hoje, 140 (20,4%) registraram atrasos. Balan\u00e7o da Infraero aponta que 28 voos (4,1%) foram cancelados.<\/p>\n<p>No Aeroporto Internacional de Bras\u00edlia tr\u00eas voos foram cancelados, at\u00e9 as 9h. No Aeroporto Santos Dumont, no Rio de Janeiro, foram cancelados quatro voos. Em Guarulhos (SP) apenas um.<\/p>\n<p>Ontem (23), at\u00e9 as 9h, a Infraero havia registrado atrasos em 200 voos dom\u00e9sticos, dos 696 previstos.<\/p>\n<p>A greve dos aerovi\u00e1rios e aeronautas prevista para ontem foi suspensa, devido a uma <a href=\"http:\/\/agenciabrasil.ebc.com.br\/ultimasnoticias?p_p_id=56&amp;p_p_lifecycle=0&amp;p_p_state=maximized&amp;p_p_mode=view&amp;p_p_col_id=column-1&amp;p_p_col_count=1&amp;_56_groupId=19523&amp;_56_articleId=1126517\">liminar do Tribunal Superior do Trabalho<\/a> (TST), que determina que 80% dos funcion\u00e1rios mantenham suas atividades at\u00e9 o dia 2 de janeiro.<\/p>\n","protected":false},"excerpt":{"rendered":"<p>Da Ag\u00eancia Brasil Bras\u00edlia \u2013 Os brasileiros que se preparam para viajar nessa v\u00e9spera de Natal (24) encontrar\u00e3o movimento normal nos principais aeroportos do pa\u00eds. De acordo com dados da Empresa Brasileira de Infraestrutura Aeroportu\u00e1ria (Infraero), do total de 685 voos programados at\u00e9 as 9h de hoje, 140 (20,4%) registraram atrasos. Balan\u00e7o da Infraero aponta que 28 voos (4,1%) foram cancelados. No Aeroporto Internacional de Bras\u00edlia tr\u00eas voos foram cancelados, at\u00e9 as 9h. No Aeroporto Santos Dumont, no Rio de Janeiro, foram cancelados quatro voos. Em Guarulhos (SP) apenas um. Ontem (23), at\u00e9 as 9h, a Infraero havia registrado atrasos&#8230;<\/p>\n","protected":false},"author":2,"featured_media":0,"comment_status":"open","ping_status":"open","sticky":false,"template":"","format":"standard","meta":{"footnotes":"","_links_to":"","_links_to_target":""},"categories":[6],"tags":[],"class_list":["post-25153","post","type-post","status-publish","format-standard","hentry","category-noticias"],"acf":[],"views":441,"_links":{"self":[{"href":"https:\/\/www.walcordeiro.com.br\/v1\/wp-json\/wp\/v2\/posts\/25153","targetHints":{"allow":["GET"]}}],"collection":[{"href":"https:\/\/www.walcordeiro.com.br\/v1\/wp-json\/wp\/v2\/posts"}],"about":[{"href":"https:\/\/www.walcordeiro.com.br\/v1\/wp-json\/wp\/v2\/types\/post"}],"author":[{"embeddable":true,"href":"https:\/\/www.walcordeiro.com.br\/v1\/wp-json\/wp\/v2\/users\/2"}],"replies":[{"embeddable":true,"href":"https:\/\/www.walcordeiro.com.br\/v1\/wp-json\/wp\/v2\/comments?post=25153"}],"version-history":[{"count":1,"href":"https:\/\/www.walcordeiro.com.br\/v1\/wp-json\/wp\/v2\/posts\/25153\/revisions"}],"predecessor-version":[{"id":25154,"href":"https:\/\/www.walcordeiro.com.br\/v1\/wp-json\/wp\/v2\/posts\/25153\/revisions\/25154"}],"wp:attachment":[{"href":"https:\/\/www.walcordeiro.com.br\/v1\/wp-json\/wp\/v2\/media?parent=25153"}],"wp:term":[{"taxonomy":"category","embeddable":true,"href":"https:\/\/www.walcordeiro.com.br\/v1\/wp-json\/wp\/v2\/categories?post=25153"},{"taxonomy":"post_tag","embeddable":true,"href":"https:\/\/www.walcordeiro.com.br\/v1\/wp-json\/wp\/v2\/tags?post=25153"}],"curies":[{"name":"wp","href":"https:\/\/api.w.org\/{rel}","templated":true}]}}