{"id":23083,"date":"2010-11-18T11:22:16","date_gmt":"2010-11-18T14:22:16","guid":{"rendered":"http:\/\/www.walcordeiro.com.br\/v1\/?p=23083"},"modified":"2010-11-18T11:24:11","modified_gmt":"2010-11-18T14:24:11","slug":"comissao-vereadores-se-reune-com-reitor-da-uesb-para-discutir-regiao-metropolitana-de-vitoria-da-conquista","status":"publish","type":"post","link":"https:\/\/www.walcordeiro.com.br\/v1\/2010\/11\/18\/comissao-vereadores-se-reune-com-reitor-da-uesb-para-discutir-regiao-metropolitana-de-vitoria-da-conquista\/","title":{"rendered":"Comiss\u00e3o vereadores se re\u00fane com reitor da Uesb para discutir Regi\u00e3o Metropolitana de Vit\u00f3ria da Conquista"},"content":{"rendered":"<p><strong><em>Da Reda\u00e7\u00e3o<\/em><\/strong><\/p>\n<p><a href=\"http:\/\/www.walcordeiro.com.br\/v1\/wp-content\/uploads\/reuni\u00e3o-reitor-uesb.jpg\"><img loading=\"lazy\" decoding=\"async\" class=\"size-medium wp-image-23084 alignleft\" title=\"reuni\u00e3o reitor uesb\" src=\"http:\/\/www.walcordeiro.com.br\/v1\/wp-content\/uploads\/reuni\u00e3o-reitor-uesb-300x200.jpg\" alt=\"\" width=\"258\" height=\"175\" \/><\/a>Na manh\u00e3 desta Quinta (18) uma comiss\u00e3o de vereadores composta por Joel Fernandes (PTN), Manoel Moura (PSB), Beto Gon\u00e7alves (PV) e Herm\u00ednio Oliveira (PDT), se reuniu com o reitor da Uesb, professor Paulo Roberto Pinto, juntamente com o consultor de projetos Wal Cordeiro, para discutir sobre a viabilidade da Universidade do Sudoeste realizar um estudo sociol\u00f3gico, econ\u00f4mico e geogr\u00e1fico que visa a possibilidade de transformar Vit\u00f3ria da Conquista em Regi\u00e3o Metropolitana.<\/p>\n<p>A proposta foi oficializada por um documento assinado pelos 15 vereadores da cidade. A solicita\u00e7\u00e3o foi bem recebida pelo reitor, que assumiu o compromisso de discutir o assunto com os coordenadores dos cursos de Geografia e Economia da Uesb e fazer os encaminhamentos necess\u00e1rios.<\/p>\n<p>Uma comiss\u00e3o mista formada por professores da Uesb, Wal Cordeiro e componentes indicados pela C\u00e2mara de Vereadores ser\u00e1 formada a fim de organizar um semin\u00e1rio metropolitano que provavelmente ser\u00e1 realizado em Abril de 2011, onde autoridades e representantes de diversos segmentos da sociedade estar\u00e3o participando.<\/p>\n<p>A id\u00e9ia primordial \u00e9: despertar o interesse da comunidade e dos prefeitos da regi\u00e3o para que o assunto seja debatido amplamente pela sociedade e representantes pol\u00edticos, at\u00e9 chegar \u00e0 Assembl\u00e9ia Legislativa, onde um projeto de Lei dever\u00e1 ser apresentado por diversos Deputados Estaduais.<\/p>\n<p>Foto: Maciel Junior\/ASCOM C\u00e2mara<\/p>\n","protected":false},"excerpt":{"rendered":"<p>Da Reda\u00e7\u00e3o Na manh\u00e3 desta Quinta (18) uma comiss\u00e3o de vereadores composta por Joel Fernandes (PTN), Manoel Moura (PSB), Beto Gon\u00e7alves (PV) e Herm\u00ednio Oliveira (PDT), se reuniu com o reitor da Uesb, professor Paulo Roberto Pinto, juntamente com o consultor de projetos Wal Cordeiro, para discutir sobre a viabilidade da Universidade do Sudoeste realizar um estudo sociol\u00f3gico, econ\u00f4mico e geogr\u00e1fico que visa a possibilidade de transformar Vit\u00f3ria da Conquista em Regi\u00e3o Metropolitana. A proposta foi oficializada por um documento assinado pelos 15 vereadores da cidade. A solicita\u00e7\u00e3o foi bem recebida pelo reitor, que assumiu o compromisso de discutir o&#8230;<\/p>\n","protected":false},"author":2,"featured_media":0,"comment_status":"open","ping_status":"open","sticky":false,"template":"","format":"standard","meta":{"footnotes":"","_links_to":"","_links_to_target":""},"categories":[6],"tags":[356,1026,632,367,116],"class_list":["post-23083","post","type-post","status-publish","format-standard","hentry","category-noticias","tag-regiao-metropolitana","tag-reitor","tag-uesb","tag-vereadores","tag-vitoria-da-conquista"],"acf":[],"views":1159,"_links":{"self":[{"href":"https:\/\/www.walcordeiro.com.br\/v1\/wp-json\/wp\/v2\/posts\/23083","targetHints":{"allow":["GET"]}}],"collection":[{"href":"https:\/\/www.walcordeiro.com.br\/v1\/wp-json\/wp\/v2\/posts"}],"about":[{"href":"https:\/\/www.walcordeiro.com.br\/v1\/wp-json\/wp\/v2\/types\/post"}],"author":[{"embeddable":true,"href":"https:\/\/www.walcordeiro.com.br\/v1\/wp-json\/wp\/v2\/users\/2"}],"replies":[{"embeddable":true,"href":"https:\/\/www.walcordeiro.com.br\/v1\/wp-json\/wp\/v2\/comments?post=23083"}],"version-history":[{"count":5,"href":"https:\/\/www.walcordeiro.com.br\/v1\/wp-json\/wp\/v2\/posts\/23083\/revisions"}],"predecessor-version":[{"id":23089,"href":"https:\/\/www.walcordeiro.com.br\/v1\/wp-json\/wp\/v2\/posts\/23083\/revisions\/23089"}],"wp:attachment":[{"href":"https:\/\/www.walcordeiro.com.br\/v1\/wp-json\/wp\/v2\/media?parent=23083"}],"wp:term":[{"taxonomy":"category","embeddable":true,"href":"https:\/\/www.walcordeiro.com.br\/v1\/wp-json\/wp\/v2\/categories?post=23083"},{"taxonomy":"post_tag","embeddable":true,"href":"https:\/\/www.walcordeiro.com.br\/v1\/wp-json\/wp\/v2\/tags?post=23083"}],"curies":[{"name":"wp","href":"https:\/\/api.w.org\/{rel}","templated":true}]}}