{"id":22916,"date":"2010-11-15T15:45:32","date_gmt":"2010-11-15T18:45:32","guid":{"rendered":"http:\/\/www.walcordeiro.com.br\/v1\/?p=22916"},"modified":"2010-11-15T15:45:32","modified_gmt":"2010-11-15T18:45:32","slug":"ibametro-faz-operacao-verao-em-nove-regioes-da-bahia","status":"publish","type":"post","link":"https:\/\/www.walcordeiro.com.br\/v1\/2010\/11\/15\/ibametro-faz-operacao-verao-em-nove-regioes-da-bahia\/","title":{"rendered":"Ibametro faz Opera\u00e7\u00e3o Ver\u00e3o em nove regi\u00f5es da Bahia"},"content":{"rendered":"<p><em><strong>A TARDE On Line<\/strong><\/em><\/p>\n<div id=\"HOTWordsTxt\">A fiscaliza\u00e7\u00e3o de produtos utilizados com maior frequ\u00eancia durante o <a onclick=\"hwPal519433997.hwPlajq(&quot;ver\u00e3o&quot;);return false;\" onmouseover=\"hwPal519433997.hwShow(event, this, &quot;ver\u00e3o&quot;); this.style.cursor=&quot;hand&quot;; this.style.textDecoration=&quot;underline&quot;; this.style.borderBottom=&quot;solid&quot;;\" onmouseout=\"hwPal519433997.hideMaybe(this, &quot;ver\u00e3o&quot;); this.style.cursor=&quot;hand&quot;; this.style.textDecoration=&quot;underline&quot;; this.style.borderBottom=&quot;dotted 1px&quot;; \" href=\"http:\/\/atarde.com.br\/cidades\/noticia.jsf?id=5650867#\">ver\u00e3o<\/a>, como protetor solar, bronzeador, bloqueador, hidratantes e repelentes, ser\u00e1 intensificada a partir desta ter\u00e7a-feira, 16, em Salvador e em outras oito regi\u00f5es do Estado, segundo <a onclick=\"hwPal519433997.hwPlajq(&quot;informa\u00e7\u00f5es&quot;);return false;\" onmouseover=\"hwPal519433997.hwShow(event, this, &quot;informa\u00e7\u00f5es&quot;); this.style.cursor=&quot;hand&quot;; this.style.textDecoration=&quot;underline&quot;; this.style.borderBottom=&quot;solid&quot;;\" onmouseout=\"hwPal519433997.hideMaybe(this, &quot;informa\u00e7\u00f5es&quot;); this.style.cursor=&quot;hand&quot;; this.style.textDecoration=&quot;underline&quot;; this.style.borderBottom=&quot;dotted 1px&quot;; \" href=\"http:\/\/atarde.com.br\/cidades\/noticia.jsf?id=5650867#\">informa\u00e7\u00f5es<\/a> da Assessoria Geral de Comunica\u00e7\u00e3o Social da Bahia.<\/p>\n<p>A opera\u00e7\u00e3o Instituto Baiano de Metrologia e <a onclick=\"hwPal519433997.hwPlajq(&quot;Qualidade&quot;);return false;\" onmouseover=\"hwPal519433997.hwShow(event, this, &quot;Qualidade&quot;); this.style.cursor=&quot;hand&quot;; this.style.textDecoration=&quot;underline&quot;; this.style.borderBottom=&quot;solid&quot;;\" onmouseout=\"hwPal519433997.hideMaybe(this, &quot;Qualidade&quot;); this.style.cursor=&quot;hand&quot;; this.style.textDecoration=&quot;underline&quot;; this.style.borderBottom=&quot;dotted 1px&quot;; \" href=\"http:\/\/atarde.com.br\/cidades\/noticia.jsf?id=5650867#\">Qualidade<\/a> (Ibametro) ser\u00e1 realizada at\u00e9 o dia 22 de novembro. Segundo o \u00f3rg\u00e3o, o objetivo \u00e9 assegurar que a quantidade dos produtos esteja de acordo com o anunciado na embalagem.<\/p>\n<p>A a\u00e7\u00e3o ser\u00e1 realizada em estabelecimentos das cidades de Jequi\u00e9, Paulo Afonso, Sim\u00f5es Filho, Feira de Santana, Itabuna, Vit\u00f3ria da Conquista, Eun\u00e1polis e na capital baiana. As <a onclick=\"hwPal519433997.hwPlajq(&quot;empresas&quot;);return false;\" onmouseover=\"hwPal519433997.hwShow(event, this, &quot;empresas&quot;); this.style.cursor=&quot;hand&quot;; this.style.textDecoration=&quot;underline&quot;; this.style.borderBottom=&quot;solid&quot;;\" onmouseout=\"hwPal519433997.hideMaybe(this, &quot;empresas&quot;); this.style.cursor=&quot;hand&quot;; this.style.textDecoration=&quot;underline&quot;; this.style.borderBottom=&quot;dotted 1px&quot;; \" href=\"http:\/\/atarde.com.br\/cidades\/noticia.jsf?id=5650867#\">empresas<\/a> que estiverem comercializando produtos com alguma irregularidade receber\u00e3o um auto de infra\u00e7\u00e3o, e os fabricantes podem ser multados.<\/p>\n<p>A popula\u00e7\u00e3o tamb\u00e9m pode ligar para a coordenadoria de Pr\u00e9-Medidos do Instituto para fazer den\u00fancias de produtos suspeitos por meio do Disque Ibametro &#8211; 0800 071 1888.<!-- retirado o marcador de paragrafo --><\/div>\n","protected":false},"excerpt":{"rendered":"<p>A TARDE On Line A fiscaliza\u00e7\u00e3o de produtos utilizados com maior frequ\u00eancia durante o ver\u00e3o, como protetor solar, bronzeador, bloqueador, hidratantes e repelentes, ser\u00e1 intensificada a partir desta ter\u00e7a-feira, 16, em Salvador e em outras oito regi\u00f5es do Estado, segundo informa\u00e7\u00f5es da Assessoria Geral de Comunica\u00e7\u00e3o Social da Bahia. A opera\u00e7\u00e3o Instituto Baiano de Metrologia e Qualidade (Ibametro) ser\u00e1 realizada at\u00e9 o dia 22 de novembro. Segundo o \u00f3rg\u00e3o, o objetivo \u00e9 assegurar que a quantidade dos produtos esteja de acordo com o anunciado na embalagem. A a\u00e7\u00e3o ser\u00e1 realizada em estabelecimentos das cidades de Jequi\u00e9, Paulo Afonso, Sim\u00f5es Filho,&#8230;<\/p>\n","protected":false},"author":2,"featured_media":0,"comment_status":"open","ping_status":"open","sticky":false,"template":"","format":"standard","meta":{"footnotes":"","_links_to":"","_links_to_target":""},"categories":[6],"tags":[],"class_list":["post-22916","post","type-post","status-publish","format-standard","hentry","category-noticias"],"acf":[],"views":516,"_links":{"self":[{"href":"https:\/\/www.walcordeiro.com.br\/v1\/wp-json\/wp\/v2\/posts\/22916","targetHints":{"allow":["GET"]}}],"collection":[{"href":"https:\/\/www.walcordeiro.com.br\/v1\/wp-json\/wp\/v2\/posts"}],"about":[{"href":"https:\/\/www.walcordeiro.com.br\/v1\/wp-json\/wp\/v2\/types\/post"}],"author":[{"embeddable":true,"href":"https:\/\/www.walcordeiro.com.br\/v1\/wp-json\/wp\/v2\/users\/2"}],"replies":[{"embeddable":true,"href":"https:\/\/www.walcordeiro.com.br\/v1\/wp-json\/wp\/v2\/comments?post=22916"}],"version-history":[{"count":2,"href":"https:\/\/www.walcordeiro.com.br\/v1\/wp-json\/wp\/v2\/posts\/22916\/revisions"}],"predecessor-version":[{"id":22918,"href":"https:\/\/www.walcordeiro.com.br\/v1\/wp-json\/wp\/v2\/posts\/22916\/revisions\/22918"}],"wp:attachment":[{"href":"https:\/\/www.walcordeiro.com.br\/v1\/wp-json\/wp\/v2\/media?parent=22916"}],"wp:term":[{"taxonomy":"category","embeddable":true,"href":"https:\/\/www.walcordeiro.com.br\/v1\/wp-json\/wp\/v2\/categories?post=22916"},{"taxonomy":"post_tag","embeddable":true,"href":"https:\/\/www.walcordeiro.com.br\/v1\/wp-json\/wp\/v2\/tags?post=22916"}],"curies":[{"name":"wp","href":"https:\/\/api.w.org\/{rel}","templated":true}]}}