{"id":22880,"date":"2010-11-15T11:28:38","date_gmt":"2010-11-15T14:28:38","guid":{"rendered":"http:\/\/www.walcordeiro.com.br\/v1\/?p=22880"},"modified":"2010-11-15T11:28:38","modified_gmt":"2010-11-15T14:28:38","slug":"seminario-em-brasilia-discute-riscos-do-uso-da-internet-por-criancas","status":"publish","type":"post","link":"https:\/\/www.walcordeiro.com.br\/v1\/2010\/11\/15\/seminario-em-brasilia-discute-riscos-do-uso-da-internet-por-criancas\/","title":{"rendered":"Semin\u00e1rio em Bras\u00edlia discute riscos do uso da internet por crian\u00e7as"},"content":{"rendered":"<p><em><strong>Da Ag\u00eancia Brasil<\/strong><\/em><\/p>\n<p>Bras\u00edlia &#8211; A Organiza\u00e7\u00e3o das Na\u00e7\u00f5es Unidas para a Educa\u00e7\u00e3o, a Ci\u00eancia e a Cultura (Unesco), o Minist\u00e9rio das Rela\u00e7\u00f5es Exteriores e o Instituto Brasileiro de Informa\u00e7\u00e3o em Ci\u00eancia e Tecnologia promovem amanh\u00e3 (16), em Bras\u00edlia, o semin\u00e1rio Crian\u00e7as e Internet: Desafios e Oportunidades na Sociedade da Informa\u00e7\u00e3o.<\/p>\n<p>O objetivo \u00e9 discutir os riscos associados ao uso da <em>internet<\/em> por crian\u00e7as e adolescentes, al\u00e9m de a\u00e7\u00f5es para a formula\u00e7\u00e3o de uma pol\u00edtica externa e de pol\u00edticas p\u00fablicas nacionais sobre o tema.<\/p>\n<p>Entre os conferencistas estar\u00e3o a coordenadora do Programa Nacional de Enfrentamento da Viol\u00eancia Sexual contra Crian\u00e7as e Adolescentes da Secretaria de Direitos Humanos, Leila Paiva, o representante do programa EU Kids Online da Uni\u00e3o Europeia Brian O\u2019Neill, e a psic\u00f3loga Rosely Say\u00e3o. O encontro \u00e9 aberto ao p\u00fablico.<\/p>\n<p>A programa\u00e7\u00e3o, dispon\u00edvel no endere\u00e7o eletr\u00f4nico http:\/\/culturadigital.br\/gisi\/criancas, ser\u00e1 transmitida pela <em>internet<\/em>.<\/p>\n","protected":false},"excerpt":{"rendered":"<p>Da Ag\u00eancia Brasil Bras\u00edlia &#8211; A Organiza\u00e7\u00e3o das Na\u00e7\u00f5es Unidas para a Educa\u00e7\u00e3o, a Ci\u00eancia e a Cultura (Unesco), o Minist\u00e9rio das Rela\u00e7\u00f5es Exteriores e o Instituto Brasileiro de Informa\u00e7\u00e3o em Ci\u00eancia e Tecnologia promovem amanh\u00e3 (16), em Bras\u00edlia, o semin\u00e1rio Crian\u00e7as e Internet: Desafios e Oportunidades na Sociedade da Informa\u00e7\u00e3o. O objetivo \u00e9 discutir os riscos associados ao uso da internet por crian\u00e7as e adolescentes, al\u00e9m de a\u00e7\u00f5es para a formula\u00e7\u00e3o de uma pol\u00edtica externa e de pol\u00edticas p\u00fablicas nacionais sobre o tema. Entre os conferencistas estar\u00e3o a coordenadora do Programa Nacional de Enfrentamento da Viol\u00eancia Sexual contra Crian\u00e7as&#8230;<\/p>\n","protected":false},"author":2,"featured_media":0,"comment_status":"open","ping_status":"open","sticky":false,"template":"","format":"standard","meta":{"footnotes":"","_links_to":"","_links_to_target":""},"categories":[6],"tags":[],"class_list":["post-22880","post","type-post","status-publish","format-standard","hentry","category-noticias"],"acf":[],"views":453,"_links":{"self":[{"href":"https:\/\/www.walcordeiro.com.br\/v1\/wp-json\/wp\/v2\/posts\/22880","targetHints":{"allow":["GET"]}}],"collection":[{"href":"https:\/\/www.walcordeiro.com.br\/v1\/wp-json\/wp\/v2\/posts"}],"about":[{"href":"https:\/\/www.walcordeiro.com.br\/v1\/wp-json\/wp\/v2\/types\/post"}],"author":[{"embeddable":true,"href":"https:\/\/www.walcordeiro.com.br\/v1\/wp-json\/wp\/v2\/users\/2"}],"replies":[{"embeddable":true,"href":"https:\/\/www.walcordeiro.com.br\/v1\/wp-json\/wp\/v2\/comments?post=22880"}],"version-history":[{"count":1,"href":"https:\/\/www.walcordeiro.com.br\/v1\/wp-json\/wp\/v2\/posts\/22880\/revisions"}],"predecessor-version":[{"id":22881,"href":"https:\/\/www.walcordeiro.com.br\/v1\/wp-json\/wp\/v2\/posts\/22880\/revisions\/22881"}],"wp:attachment":[{"href":"https:\/\/www.walcordeiro.com.br\/v1\/wp-json\/wp\/v2\/media?parent=22880"}],"wp:term":[{"taxonomy":"category","embeddable":true,"href":"https:\/\/www.walcordeiro.com.br\/v1\/wp-json\/wp\/v2\/categories?post=22880"},{"taxonomy":"post_tag","embeddable":true,"href":"https:\/\/www.walcordeiro.com.br\/v1\/wp-json\/wp\/v2\/tags?post=22880"}],"curies":[{"name":"wp","href":"https:\/\/api.w.org\/{rel}","templated":true}]}}