{"id":22401,"date":"2010-11-05T07:35:12","date_gmt":"2010-11-05T10:35:12","guid":{"rendered":"http:\/\/www.walcordeiro.com.br\/v1\/?p=22401"},"modified":"2010-11-05T07:35:12","modified_gmt":"2010-11-05T10:35:12","slug":"estudantes-baianos-devem-ficar-atentos-ao-horario-de-verao-para-fazer-o-enem","status":"publish","type":"post","link":"https:\/\/www.walcordeiro.com.br\/v1\/2010\/11\/05\/estudantes-baianos-devem-ficar-atentos-ao-horario-de-verao-para-fazer-o-enem\/","title":{"rendered":"Estudantes baianos devem ficar atentos ao hor\u00e1rio de ver\u00e3o para fazer o Enem"},"content":{"rendered":"<p><strong><em>Correio da Bahia<\/em><\/strong><\/p>\n<p>As provas do Exame Nacional do Ensino M\u00e9dio (Enem), que ocorrem neste s\u00e1bado (6) e domingo (7), ser\u00e3o aplicadas no hor\u00e1rio oficial de Bras\u00edlia, segundo o Instituto Nacional de Estudos e Pesquisas Educacionais An\u00edsio Teixeira (Inep), que realiza o exame.<\/p>\n<p>Os estudantes baianos devem ficar atentos. No hor\u00e1rio local, as provas come\u00e7am \u00e0s 12h, e os estudantes podem entrar no local de prova a partir das 11h. Os port\u00f5es fecham \u00e0s 11h55.<\/p>\n<p>\u00a0Todos os cerca de 4,6 milh\u00f5es de inscritos no exame devem apresentar documento de identifica\u00e7\u00e3o original e cart\u00e3o de confirma\u00e7\u00e3o de inscri\u00e7\u00e3o, que foi enviado pelo Inep pelo correio.<\/p>\n<p><!--more-->Pelas regras deste ano, s\u00f3 \u00e9 permitido fazer a prova com caneta esfegr\u00e1fica preta. \u00c9 proibido entrar na sala de prova com rel\u00f3gio, l\u00e1pis e borracha.<\/p>\n<p>Outros itens que devem ficar fora das salas, segundo o instituto, s\u00e3o borracha, apontador, lapiseira, grafite, livros, manuais, impressos, anota\u00e7\u00f5es, m\u00e1quinas calculadoras e agendas eletr\u00f4nicas ou similares, telefones celulares, pagers, bip, walkman, gravador, mp3 ou similar, ou qualquer receptor ou transmissor de dados e mensagens.<\/p>\n<p>Neste ano, entra no exame pela primeira vez a prova de l\u00edngua estrangeira. Os inscritos fizeram op\u00e7\u00e3o por ingl\u00eas ou espanhol. No dia da prova, devem fazer apenas a prova escolhida e tomar cuidado para preencher o cart\u00e3o de respostas.<\/p>\n<p>As provas ocorrer\u00e3o das 12h \u00e0s 16h30 de 6 de novembro, com quest\u00f5es de ci\u00eancias humanas e suas tecnologias e ci\u00eancias da natureza e suas tecnologias. No dia 7 de novembro, a prova ser\u00e1 realizada das 12h \u00e0s 17h30, com perguntas sobre linguagens, c\u00f3digos e suas tecnologias, al\u00e9m de reda\u00e7\u00e3o, e matem\u00e1tica e suas tecnologias.<\/p>\n<p>O gabarito oficial do Enem s\u00f3 ser\u00e1 divulgado em 9 de novembro, dois dias ap\u00f3s a aplica\u00e7\u00e3o da \u00faltima prova do exame. Os resultados do exame ser\u00e3o divulgados at\u00e9 15 de janeiro de 2011, de acordo com o instituto.<\/p>\n","protected":false},"excerpt":{"rendered":"<p>Correio da Bahia As provas do Exame Nacional do Ensino M\u00e9dio (Enem), que ocorrem neste s\u00e1bado (6) e domingo (7), ser\u00e3o aplicadas no hor\u00e1rio oficial de Bras\u00edlia, segundo o Instituto Nacional de Estudos e Pesquisas Educacionais An\u00edsio Teixeira (Inep), que realiza o exame. Os estudantes baianos devem ficar atentos. No hor\u00e1rio local, as provas come\u00e7am \u00e0s 12h, e os estudantes podem entrar no local de prova a partir das 11h. Os port\u00f5es fecham \u00e0s 11h55. \u00a0Todos os cerca de 4,6 milh\u00f5es de inscritos no exame devem apresentar documento de identifica\u00e7\u00e3o original e cart\u00e3o de confirma\u00e7\u00e3o de inscri\u00e7\u00e3o, que foi enviado&#8230;<\/p>\n","protected":false},"author":2,"featured_media":0,"comment_status":"open","ping_status":"open","sticky":false,"template":"","format":"standard","meta":{"footnotes":"","_links_to":"","_links_to_target":""},"categories":[6],"tags":[],"class_list":["post-22401","post","type-post","status-publish","format-standard","hentry","category-noticias"],"acf":[],"views":560,"_links":{"self":[{"href":"https:\/\/www.walcordeiro.com.br\/v1\/wp-json\/wp\/v2\/posts\/22401","targetHints":{"allow":["GET"]}}],"collection":[{"href":"https:\/\/www.walcordeiro.com.br\/v1\/wp-json\/wp\/v2\/posts"}],"about":[{"href":"https:\/\/www.walcordeiro.com.br\/v1\/wp-json\/wp\/v2\/types\/post"}],"author":[{"embeddable":true,"href":"https:\/\/www.walcordeiro.com.br\/v1\/wp-json\/wp\/v2\/users\/2"}],"replies":[{"embeddable":true,"href":"https:\/\/www.walcordeiro.com.br\/v1\/wp-json\/wp\/v2\/comments?post=22401"}],"version-history":[{"count":1,"href":"https:\/\/www.walcordeiro.com.br\/v1\/wp-json\/wp\/v2\/posts\/22401\/revisions"}],"predecessor-version":[{"id":22402,"href":"https:\/\/www.walcordeiro.com.br\/v1\/wp-json\/wp\/v2\/posts\/22401\/revisions\/22402"}],"wp:attachment":[{"href":"https:\/\/www.walcordeiro.com.br\/v1\/wp-json\/wp\/v2\/media?parent=22401"}],"wp:term":[{"taxonomy":"category","embeddable":true,"href":"https:\/\/www.walcordeiro.com.br\/v1\/wp-json\/wp\/v2\/categories?post=22401"},{"taxonomy":"post_tag","embeddable":true,"href":"https:\/\/www.walcordeiro.com.br\/v1\/wp-json\/wp\/v2\/tags?post=22401"}],"curies":[{"name":"wp","href":"https:\/\/api.w.org\/{rel}","templated":true}]}}