{"id":22097,"date":"2010-10-31T12:02:38","date_gmt":"2010-10-31T15:02:38","guid":{"rendered":"http:\/\/www.walcordeiro.com.br\/v1\/?p=22097"},"modified":"2010-10-31T12:02:38","modified_gmt":"2010-10-31T15:02:38","slug":"bahia-perde-queda-de-braco-e-abertura-da-copa-sera-em-sao-paulo","status":"publish","type":"post","link":"https:\/\/www.walcordeiro.com.br\/v1\/2010\/10\/31\/bahia-perde-queda-de-braco-e-abertura-da-copa-sera-em-sao-paulo\/","title":{"rendered":"Bahia perde queda de bra\u00e7o e abertura da Copa ser\u00e1 em S\u00e3o Paulo"},"content":{"rendered":"<div id=\"HOTWordsTxt\">\n<p><em><strong>Tribuna<\/strong><\/em><\/p>\n<p>A Bahia perdeu a queda de bra\u00e7o com S\u00e3o Paulo e n\u00e3o sediar\u00e1 a abertura da <a onclick=\"Pal731010893hw.aqkqhblqnaj(&quot;Copa&quot;);return false;\" onmouseover=\"Pal731010893hw.hwShow(event, this, &quot;Copa&quot;); this.style.cursor=&quot;hand&quot;; this.style.textDecoration=&quot;underline&quot;; this.style.borderBottom=&quot;solid&quot;;\" onmouseout=\"Pal731010893hw.hideMaybe(this, &quot;Copa&quot;); this.style.cursor=&quot;hand&quot;; this.style.textDecoration=&quot;underline&quot;; this.style.borderBottom=&quot;dotted 1px&quot;; \" href=\"http:\/\/www.tribunadabahia.com.br\/news.php?idAtual=63667#\">Copa<\/a> de 2014. Em reuni\u00e3o realizada na \u00faltima sexta-feira (30), em Zurique, na Sui\u00e7a, a Fifa confirmou que a capital paulista ser\u00e1 o palco dos primeiros momentos do mundial. As <a onclick=\"Pal731010893hw.aqkqhblqnaj(&quot;informa\u00e7\u00f5es&quot;);return false;\" onmouseover=\"Pal731010893hw.hwShow(event, this, &quot;informa\u00e7\u00f5es&quot;); this.style.cursor=&quot;hand&quot;; this.style.textDecoration=&quot;underline&quot;; this.style.borderBottom=&quot;solid&quot;;\" onmouseout=\"Pal731010893hw.hideMaybe(this, &quot;informa\u00e7\u00f5es&quot;); this.style.cursor=&quot;hand&quot;; this.style.textDecoration=&quot;underline&quot;; this.style.borderBottom=&quot;dotted 1px&quot;; \" href=\"http:\/\/www.tribunadabahia.com.br\/news.php?idAtual=63667#\">informa\u00e7\u00f5es<\/a> foram divulgadas neste s\u00e1bado (30), pelo jornal &#8220;O Estado de S.Paulo&#8221;.<\/p>\n<p>No encontro, al\u00e9m de Joseph Blatter, mandat\u00e1rio da entidade, estavam presentes o presidente da CBF, Ricardo Teixeira, J\u00e9rome Valcke, secret\u00e1rio-geral, al\u00e9m de Rafael Salguero e Julio Grondona, membros do comit\u00ea executivo da Fifa. Em conjunto, eles bateram o martelo e garantiram que S\u00e3o Paulo abrir\u00e1 o Mundial. A pol\u00eamica em torno do <a onclick=\"Pal731010893hw.aqkqhblqnaj(&quot;est\u00e1dio&quot;);return false;\" onmouseover=\"Pal731010893hw.hwShow(event, this, &quot;est\u00e1dio&quot;); this.style.cursor=&quot;hand&quot;; this.style.textDecoration=&quot;underline&quot;; this.style.borderBottom=&quot;solid&quot;;\" onmouseout=\"Pal731010893hw.hideMaybe(this, &quot;est\u00e1dio&quot;); this.style.cursor=&quot;hand&quot;; this.style.textDecoration=&quot;underline&quot;; this.style.borderBottom=&quot;dotted 1px&quot;; \" href=\"http:\/\/www.tribunadabahia.com.br\/news.php?idAtual=63667#\">est\u00e1dio<\/a> paulista que ser\u00e1 utilizado no mundial, no entanto, continua sendo uma principais preocupa\u00e7\u00f5es.<!--more--><\/p>\n<p>\u201cFicou fechado que a abertura vai ser em S\u00e3o Paulo, mas cabe ao Brasil agora encontrar uma solu\u00e7\u00e3o para o est\u00e1dio\u201d, afirmou Grondona.<\/p>\n<p>A op\u00e7\u00e3o n\u00famero um, a Arena Itaquera, futuro est\u00e1dio do Corinthians, tem em seu projeto inicial capacidade para 48 mil torcedores. No entanto, para receber a abertura do Mundial, o local vai precisar comportar no m\u00ednimo 65 mil torcedores. E \u00e9 justamente nesse ponto que come\u00e7a o impasse da Fifa com o comit\u00ea organizador do Mundial. A entidade quer que os recursos para as obras de amplia\u00e7\u00e3o saiam dos cofres p\u00fablicos. J\u00e1 o presidente do Corinthians, Andr\u00e9s Sanchez, acredita que os custos devam ser bancados pela <a onclick=\"Pal731010893hw.aqkqhblqnaj(&quot;Fifa.&quot;);return false;\" onmouseover=\"Pal731010893hw.hwShow(event, this, &quot;Fifa.&quot;); this.style.cursor=&quot;hand&quot;; this.style.textDecoration=&quot;underline&quot;; this.style.borderBottom=&quot;solid&quot;;\" onmouseout=\"Pal731010893hw.hideMaybe(this, &quot;Fifa.&quot;); this.style.cursor=&quot;hand&quot;; this.style.textDecoration=&quot;underline&quot;; this.style.borderBottom=&quot;dotted 1px&quot;; \" href=\"http:\/\/www.tribunadabahia.com.br\/news.php?idAtual=63667#\">Fifa.<\/a><\/p>\n<p>Salvador, com a Fonte Nova, era uma das candidatas a receber a abertura do mundial. O governo estadual cogitava aumentar a capacidade do est\u00e1dio com arquibancadas provis\u00f3rias caso a capital baiana recebesse o aval da Fifa para sediar a abertura da Copa de 2014. Com a megativa, a Nova Fonte Nova dever\u00e1\u00a0continuar com a\u00a0lota\u00e7\u00e3o m\u00e1xima prevista no projeto inicial, de aproximadamente 50 mil torcedores.<\/p>\n<\/div>\n","protected":false},"excerpt":{"rendered":"<p>Tribuna A Bahia perdeu a queda de bra\u00e7o com S\u00e3o Paulo e n\u00e3o sediar\u00e1 a abertura da Copa de 2014. Em reuni\u00e3o realizada na \u00faltima sexta-feira (30), em Zurique, na Sui\u00e7a, a Fifa confirmou que a capital paulista ser\u00e1 o palco dos primeiros momentos do mundial. As informa\u00e7\u00f5es foram divulgadas neste s\u00e1bado (30), pelo jornal &#8220;O Estado de S.Paulo&#8221;. No encontro, al\u00e9m de Joseph Blatter, mandat\u00e1rio da entidade, estavam presentes o presidente da CBF, Ricardo Teixeira, J\u00e9rome Valcke, secret\u00e1rio-geral, al\u00e9m de Rafael Salguero e Julio Grondona, membros do comit\u00ea executivo da Fifa. Em conjunto, eles bateram o martelo e garantiram&#8230;<\/p>\n","protected":false},"author":2,"featured_media":0,"comment_status":"open","ping_status":"open","sticky":false,"template":"","format":"standard","meta":{"footnotes":"","_links_to":"","_links_to_target":""},"categories":[6],"tags":[],"class_list":["post-22097","post","type-post","status-publish","format-standard","hentry","category-noticias"],"acf":[],"views":607,"_links":{"self":[{"href":"https:\/\/www.walcordeiro.com.br\/v1\/wp-json\/wp\/v2\/posts\/22097","targetHints":{"allow":["GET"]}}],"collection":[{"href":"https:\/\/www.walcordeiro.com.br\/v1\/wp-json\/wp\/v2\/posts"}],"about":[{"href":"https:\/\/www.walcordeiro.com.br\/v1\/wp-json\/wp\/v2\/types\/post"}],"author":[{"embeddable":true,"href":"https:\/\/www.walcordeiro.com.br\/v1\/wp-json\/wp\/v2\/users\/2"}],"replies":[{"embeddable":true,"href":"https:\/\/www.walcordeiro.com.br\/v1\/wp-json\/wp\/v2\/comments?post=22097"}],"version-history":[{"count":2,"href":"https:\/\/www.walcordeiro.com.br\/v1\/wp-json\/wp\/v2\/posts\/22097\/revisions"}],"predecessor-version":[{"id":22099,"href":"https:\/\/www.walcordeiro.com.br\/v1\/wp-json\/wp\/v2\/posts\/22097\/revisions\/22099"}],"wp:attachment":[{"href":"https:\/\/www.walcordeiro.com.br\/v1\/wp-json\/wp\/v2\/media?parent=22097"}],"wp:term":[{"taxonomy":"category","embeddable":true,"href":"https:\/\/www.walcordeiro.com.br\/v1\/wp-json\/wp\/v2\/categories?post=22097"},{"taxonomy":"post_tag","embeddable":true,"href":"https:\/\/www.walcordeiro.com.br\/v1\/wp-json\/wp\/v2\/tags?post=22097"}],"curies":[{"name":"wp","href":"https:\/\/api.w.org\/{rel}","templated":true}]}}