{"id":21775,"date":"2010-10-27T07:45:08","date_gmt":"2010-10-27T10:45:08","guid":{"rendered":"http:\/\/www.walcordeiro.com.br\/v1\/?p=21775"},"modified":"2010-10-27T07:45:08","modified_gmt":"2010-10-27T10:45:08","slug":"em-convencao-da-assembleia-de-deus-jose-serra-promete-vetar-lei-da-homofobia","status":"publish","type":"post","link":"https:\/\/www.walcordeiro.com.br\/v1\/2010\/10\/27\/em-convencao-da-assembleia-de-deus-jose-serra-promete-vetar-lei-da-homofobia\/","title":{"rendered":"Em conven\u00e7\u00e3o da Assembleia de Deus, Jos\u00e9 Serra promete vetar Lei da homofobia"},"content":{"rendered":"<p><strong><em>Pol\u00edtica Livre<\/em><\/strong><\/p>\n<p>O candidato do PSDB \u00e0 Presid\u00eancia, Jos\u00e9 Serra, prometeu hoje em Foz do Igua\u00e7u (PR) vetar a Lei da Homofobia, caso ela seja aprovada pelo Congresso. Segundo Serra, o projeto, como foi aprovado na C\u00e2mara, pode tornar um crime \u201csemelhante ao racismo\u201d a prega\u00e7\u00e3o de pastores evang\u00e9licos contra a pr\u00e1tica homossexual. Ele prometeu o veto depois de ser inquirido sobre o assunto por um pastor presente \u00e0 50\u00aa Conven\u00e7\u00e3o Anual das Igrejas Assembleias de Deus do Paran\u00e1. A proposta, aprovada na C\u00e2mara, ainda n\u00e3o foi votada no Senado. \u201cUma coisa \u00e9 grupos de exterm\u00ednio, praticando viol\u00eancia contra homossexuais, como j\u00e1 ocorreu em S\u00e3o Paulo. Outra coisa \u00e9 o projeto como est\u00e1, que passa a perseguir as igrejas que combatem a pr\u00e1tica homossexual\u201d, afirmou.<\/p>\n","protected":false},"excerpt":{"rendered":"<p>Pol\u00edtica Livre O candidato do PSDB \u00e0 Presid\u00eancia, Jos\u00e9 Serra, prometeu hoje em Foz do Igua\u00e7u (PR) vetar a Lei da Homofobia, caso ela seja aprovada pelo Congresso. Segundo Serra, o projeto, como foi aprovado na C\u00e2mara, pode tornar um crime \u201csemelhante ao racismo\u201d a prega\u00e7\u00e3o de pastores evang\u00e9licos contra a pr\u00e1tica homossexual. Ele prometeu o veto depois de ser inquirido sobre o assunto por um pastor presente \u00e0 50\u00aa Conven\u00e7\u00e3o Anual das Igrejas Assembleias de Deus do Paran\u00e1. A proposta, aprovada na C\u00e2mara, ainda n\u00e3o foi votada no Senado. \u201cUma coisa \u00e9 grupos de exterm\u00ednio, praticando viol\u00eancia contra homossexuais,&#8230;<\/p>\n","protected":false},"author":2,"featured_media":0,"comment_status":"open","ping_status":"open","sticky":false,"template":"","format":"standard","meta":{"footnotes":"","_links_to":"","_links_to_target":""},"categories":[6],"tags":[],"class_list":["post-21775","post","type-post","status-publish","format-standard","hentry","category-noticias"],"acf":[],"views":538,"_links":{"self":[{"href":"https:\/\/www.walcordeiro.com.br\/v1\/wp-json\/wp\/v2\/posts\/21775","targetHints":{"allow":["GET"]}}],"collection":[{"href":"https:\/\/www.walcordeiro.com.br\/v1\/wp-json\/wp\/v2\/posts"}],"about":[{"href":"https:\/\/www.walcordeiro.com.br\/v1\/wp-json\/wp\/v2\/types\/post"}],"author":[{"embeddable":true,"href":"https:\/\/www.walcordeiro.com.br\/v1\/wp-json\/wp\/v2\/users\/2"}],"replies":[{"embeddable":true,"href":"https:\/\/www.walcordeiro.com.br\/v1\/wp-json\/wp\/v2\/comments?post=21775"}],"version-history":[{"count":1,"href":"https:\/\/www.walcordeiro.com.br\/v1\/wp-json\/wp\/v2\/posts\/21775\/revisions"}],"predecessor-version":[{"id":21776,"href":"https:\/\/www.walcordeiro.com.br\/v1\/wp-json\/wp\/v2\/posts\/21775\/revisions\/21776"}],"wp:attachment":[{"href":"https:\/\/www.walcordeiro.com.br\/v1\/wp-json\/wp\/v2\/media?parent=21775"}],"wp:term":[{"taxonomy":"category","embeddable":true,"href":"https:\/\/www.walcordeiro.com.br\/v1\/wp-json\/wp\/v2\/categories?post=21775"},{"taxonomy":"post_tag","embeddable":true,"href":"https:\/\/www.walcordeiro.com.br\/v1\/wp-json\/wp\/v2\/tags?post=21775"}],"curies":[{"name":"wp","href":"https:\/\/api.w.org\/{rel}","templated":true}]}}