{"id":21735,"date":"2010-10-26T10:03:27","date_gmt":"2010-10-26T13:03:27","guid":{"rendered":"http:\/\/www.walcordeiro.com.br\/v1\/?p=21735"},"modified":"2010-10-26T10:03:27","modified_gmt":"2010-10-26T13:03:27","slug":"inflacao-pelo-ipc-s-avanca-em-5-de-7-capitais-na-semana-ate-22-de-outubro","status":"publish","type":"post","link":"https:\/\/www.walcordeiro.com.br\/v1\/2010\/10\/26\/inflacao-pelo-ipc-s-avanca-em-5-de-7-capitais-na-semana-ate-22-de-outubro\/","title":{"rendered":"Infla\u00e7\u00e3o pelo IPC-S avan\u00e7a em 5 de 7 capitais na semana at\u00e9 22 de outubro"},"content":{"rendered":"<p><em><strong>Jacqueline Farid, da Ag\u00eancia Estado<\/strong><\/em><\/p>\n<div>\n<p>RIO &#8211; O \u00cdndice de Pre\u00e7os ao Consumidor Semanal (IPC-S) registrou acelera\u00e7\u00e3o em cinco das sete capitais pesquisadas pela Funda\u00e7\u00e3o Get\u00falio Vargas (FGV) na semana de 22 de outubro, em rela\u00e7\u00e3o a semana anterior, de 15 de outubro. S\u00e3o elas Salvador (0,49% para 0,50%); Bras\u00edlia (0,26% para 0,31%); Recife (0,11% para 0,19%); Rio de Janeiro (0,45% para 0,58%) e Porto Alegre (0,38% para 0,48%).<\/p>\n<p>Por outro lado, houve desacelera\u00e7\u00e3o nas taxas de varia\u00e7\u00e3o do IPC-S, de uma semana para a outra, em S\u00e3o Paulo (1,01% para 0,92%) e Belo Horizonte (0,33% para 0,32%). O IPC-S total para as sete capitais, segundo divulgou anteriormente a FGV, ficou em 0,66% na semana de 22 de outubro, ante 0,65% na semana anterior.<\/p>\n<\/div>\n","protected":false},"excerpt":{"rendered":"<p>Jacqueline Farid, da Ag\u00eancia Estado RIO &#8211; O \u00cdndice de Pre\u00e7os ao Consumidor Semanal (IPC-S) registrou acelera\u00e7\u00e3o em cinco das sete capitais pesquisadas pela Funda\u00e7\u00e3o Get\u00falio Vargas (FGV) na semana de 22 de outubro, em rela\u00e7\u00e3o a semana anterior, de 15 de outubro. S\u00e3o elas Salvador (0,49% para 0,50%); Bras\u00edlia (0,26% para 0,31%); Recife (0,11% para 0,19%); Rio de Janeiro (0,45% para 0,58%) e Porto Alegre (0,38% para 0,48%). Por outro lado, houve desacelera\u00e7\u00e3o nas taxas de varia\u00e7\u00e3o do IPC-S, de uma semana para a outra, em S\u00e3o Paulo (1,01% para 0,92%) e Belo Horizonte (0,33% para 0,32%). O IPC-S&#8230;<\/p>\n","protected":false},"author":2,"featured_media":0,"comment_status":"open","ping_status":"open","sticky":false,"template":"","format":"standard","meta":{"footnotes":"","_links_to":"","_links_to_target":""},"categories":[6],"tags":[],"class_list":["post-21735","post","type-post","status-publish","format-standard","hentry","category-noticias"],"acf":[],"views":490,"_links":{"self":[{"href":"https:\/\/www.walcordeiro.com.br\/v1\/wp-json\/wp\/v2\/posts\/21735","targetHints":{"allow":["GET"]}}],"collection":[{"href":"https:\/\/www.walcordeiro.com.br\/v1\/wp-json\/wp\/v2\/posts"}],"about":[{"href":"https:\/\/www.walcordeiro.com.br\/v1\/wp-json\/wp\/v2\/types\/post"}],"author":[{"embeddable":true,"href":"https:\/\/www.walcordeiro.com.br\/v1\/wp-json\/wp\/v2\/users\/2"}],"replies":[{"embeddable":true,"href":"https:\/\/www.walcordeiro.com.br\/v1\/wp-json\/wp\/v2\/comments?post=21735"}],"version-history":[{"count":1,"href":"https:\/\/www.walcordeiro.com.br\/v1\/wp-json\/wp\/v2\/posts\/21735\/revisions"}],"predecessor-version":[{"id":21736,"href":"https:\/\/www.walcordeiro.com.br\/v1\/wp-json\/wp\/v2\/posts\/21735\/revisions\/21736"}],"wp:attachment":[{"href":"https:\/\/www.walcordeiro.com.br\/v1\/wp-json\/wp\/v2\/media?parent=21735"}],"wp:term":[{"taxonomy":"category","embeddable":true,"href":"https:\/\/www.walcordeiro.com.br\/v1\/wp-json\/wp\/v2\/categories?post=21735"},{"taxonomy":"post_tag","embeddable":true,"href":"https:\/\/www.walcordeiro.com.br\/v1\/wp-json\/wp\/v2\/tags?post=21735"}],"curies":[{"name":"wp","href":"https:\/\/api.w.org\/{rel}","templated":true}]}}