{"id":20732,"date":"2010-10-08T17:54:23","date_gmt":"2010-10-08T20:54:23","guid":{"rendered":"http:\/\/www.walcordeiro.com.br\/v1\/?p=20732"},"modified":"2010-10-08T17:54:23","modified_gmt":"2010-10-08T20:54:23","slug":"evangelicos-brasileiros-sao-cortejados","status":"publish","type":"post","link":"https:\/\/www.walcordeiro.com.br\/v1\/2010\/10\/08\/evangelicos-brasileiros-sao-cortejados\/","title":{"rendered":"Evang\u00e9licos brasileiros s\u00e3o cortejados"},"content":{"rendered":"<p>Reportagem completa est\u00e1 no site do Wall Street Journal<\/p>\n<p><img loading=\"lazy\" decoding=\"async\" title=\" Evang\u00e9licos brasileiros s\u00e3o cortejados\" src=\"http:\/\/cpadnews.com.br\/uploads\/20101008\/266x220-20101008135926-urna.jpg\" border=\"0\" alt=\" Evang\u00e9licos brasileiros s\u00e3o cortejados\" width=\"266\" height=\"220\" \/><\/p>\n<div>\n<p>Os evang\u00e9licos brasileiros est\u00e3o no centro das aten\u00e7\u00f5es nesta elei\u00e7\u00e3o. Al\u00e9m de ser alvo dos presidenci\u00e1veis, o voto dos evang\u00e9licos \u00e9 destaque at\u00e9 na imprensa internacional. O <em>Wall Street Journal<\/em> publicou uma reportagem intitulada \u201cBrazil\u2019s Evangelicals Courted\u201d.<\/p>\n<p>A reportagem \u201cEvang\u00e9licos do Brasil s\u00e3o cortejados\u201d d\u00e1 \u00eanfase para a import\u00e2ncia do voto evang\u00e9lico na defini\u00e7\u00e3o do segundo turno.<\/p>\n<p>Segundo o jornal, os evang\u00e9licos e a legaliza\u00e7\u00e3o do aborto est\u00e3o entre os fatores que levaram as elei\u00e7\u00f5es ao segundo turno. O jornal diz tamb\u00e9m que os religiosos \u201cajudaram a estragar a esperada vit\u00f3ria\u201d de Dilma no \u00faltimo domingo, dia 3.<\/p>\n<p>Ainda de acordo com a reportagem, muitos evang\u00e9licos deixaram de votar na candidata petista por causa de uma campanha agressiva propagada na internet divulgando que Dilma seria a favor do aborto.<br \/>\n<!--more--><br \/>\n\u201cMuitos religiosos retiraram o seu apoio \u00e0 sra. Rousseff depois de uma agressiva campanha na internet para convenc\u00ea-los de que a candidata \u00e9 a favor da legaliza\u00e7\u00e3o do aborto\u201d, diz o texto, assinado por Paulo Prada. Para ele, o esfor\u00e7o para conquistar esses eleitores \u201cmarca a primeira vez que a crescente comunidade evang\u00e9lica se tornou o foco de elei\u00e7\u00f5es nacionais\u201d.<\/p>\n<p>A reportagem est\u00e1 <a href=\"http:\/\/online.wsj.com\/article\/SB10001424052748703298504575534332075390878.html\" target=\"_blank\">neste link<\/a>, para assinantes. Mas se voc\u00ea n\u00e3o \u00e9 assinante do <em>Wall Street Journal,<\/em> basta fazer uma busca na internet pelo t\u00edtulo da mat\u00e9ria: Brazil\u2019s Evangelicals Courted.<em><\/p>\n<p><img loading=\"lazy\" decoding=\"async\" src=\"http:\/\/cpadnews.com.br\/uploads\/20101008\/20101008140508-jornal.JPG\" alt=\"\" width=\"474\" height=\"268\" \/><\/p>\n<p>Fonte: Folha de S\u00e3o Paulo \/ Reda\u00e7\u00e3o CPAD News<\/em><\/p>\n<\/div>\n","protected":false},"excerpt":{"rendered":"<p>Reportagem completa est\u00e1 no site do Wall Street Journal Os evang\u00e9licos brasileiros est\u00e3o no centro das aten\u00e7\u00f5es nesta elei\u00e7\u00e3o. Al\u00e9m de ser alvo dos presidenci\u00e1veis, o voto dos evang\u00e9licos \u00e9 destaque at\u00e9 na imprensa internacional. O Wall Street Journal publicou uma reportagem intitulada \u201cBrazil\u2019s Evangelicals Courted\u201d. A reportagem \u201cEvang\u00e9licos do Brasil s\u00e3o cortejados\u201d d\u00e1 \u00eanfase para a import\u00e2ncia do voto evang\u00e9lico na defini\u00e7\u00e3o do segundo turno. Segundo o jornal, os evang\u00e9licos e a legaliza\u00e7\u00e3o do aborto est\u00e3o entre os fatores que levaram as elei\u00e7\u00f5es ao segundo turno. O jornal diz tamb\u00e9m que os religiosos \u201cajudaram a estragar a esperada vit\u00f3ria\u201d&#8230;<\/p>\n","protected":false},"author":2,"featured_media":0,"comment_status":"open","ping_status":"open","sticky":false,"template":"","format":"standard","meta":{"footnotes":"","_links_to":"","_links_to_target":""},"categories":[6],"tags":[],"class_list":["post-20732","post","type-post","status-publish","format-standard","hentry","category-noticias"],"acf":[],"views":592,"_links":{"self":[{"href":"https:\/\/www.walcordeiro.com.br\/v1\/wp-json\/wp\/v2\/posts\/20732","targetHints":{"allow":["GET"]}}],"collection":[{"href":"https:\/\/www.walcordeiro.com.br\/v1\/wp-json\/wp\/v2\/posts"}],"about":[{"href":"https:\/\/www.walcordeiro.com.br\/v1\/wp-json\/wp\/v2\/types\/post"}],"author":[{"embeddable":true,"href":"https:\/\/www.walcordeiro.com.br\/v1\/wp-json\/wp\/v2\/users\/2"}],"replies":[{"embeddable":true,"href":"https:\/\/www.walcordeiro.com.br\/v1\/wp-json\/wp\/v2\/comments?post=20732"}],"version-history":[{"count":1,"href":"https:\/\/www.walcordeiro.com.br\/v1\/wp-json\/wp\/v2\/posts\/20732\/revisions"}],"predecessor-version":[{"id":20733,"href":"https:\/\/www.walcordeiro.com.br\/v1\/wp-json\/wp\/v2\/posts\/20732\/revisions\/20733"}],"wp:attachment":[{"href":"https:\/\/www.walcordeiro.com.br\/v1\/wp-json\/wp\/v2\/media?parent=20732"}],"wp:term":[{"taxonomy":"category","embeddable":true,"href":"https:\/\/www.walcordeiro.com.br\/v1\/wp-json\/wp\/v2\/categories?post=20732"},{"taxonomy":"post_tag","embeddable":true,"href":"https:\/\/www.walcordeiro.com.br\/v1\/wp-json\/wp\/v2\/tags?post=20732"}],"curies":[{"name":"wp","href":"https:\/\/api.w.org\/{rel}","templated":true}]}}