{"id":20696,"date":"2010-10-08T07:23:57","date_gmt":"2010-10-08T10:23:57","guid":{"rendered":"http:\/\/www.walcordeiro.com.br\/v1\/?p=20696"},"modified":"2010-10-08T07:23:57","modified_gmt":"2010-10-08T10:23:57","slug":"numero-de-pedidos-de-voto-em-transito-e-menor-para-o-segundo-turno","status":"publish","type":"post","link":"https:\/\/www.walcordeiro.com.br\/v1\/2010\/10\/08\/numero-de-pedidos-de-voto-em-transito-e-menor-para-o-segundo-turno\/","title":{"rendered":"N\u00famero de pedidos de voto em tr\u00e2nsito \u00e9 menor para o segundo turno"},"content":{"rendered":"<p><em><strong>da Ag\u00eancia Brasil<\/strong><\/em><\/p>\n<p>Bras\u00edlia &#8211; A Justi\u00e7a Eleitoral registrou 76.528 pedidos de eleitores interessados em votar no segundo turno fora de seus domic\u00edlios eleitorais. O cadastro para voto em tr\u00e2nsito foi aceito apenas entre 15 de julho e 15 de agosto. O n\u00famero \u00e9 pouco menor que os pedidos feitos para o primeiro turno: 80.419.<\/p>\n<p>O voto em tr\u00e2nsito para presidente foi permitido a partir de uma resolu\u00e7\u00e3o editada pelo Tribunal Superior Eleitoral (TSE) neste ano. O \u00edndice de absten\u00e7\u00e3o entre os eleitores que votaram em tr\u00e2nsito foi menor que entre os que votaram em seu domic\u00edlio: 17,82% contra 18,12%, respectivamente.<\/p>\n<p>Os eleitores que votaram em tr\u00e2nsito tamb\u00e9m tiveram \u00edndices muito reduzidos de votos nulos e brancos: 1,43% e 0,67%, respectivamente, contra m\u00e9dia nacional de 5,51% e 3,13%.<\/p>\n","protected":false},"excerpt":{"rendered":"<p>da Ag\u00eancia Brasil Bras\u00edlia &#8211; A Justi\u00e7a Eleitoral registrou 76.528 pedidos de eleitores interessados em votar no segundo turno fora de seus domic\u00edlios eleitorais. O cadastro para voto em tr\u00e2nsito foi aceito apenas entre 15 de julho e 15 de agosto. O n\u00famero \u00e9 pouco menor que os pedidos feitos para o primeiro turno: 80.419. O voto em tr\u00e2nsito para presidente foi permitido a partir de uma resolu\u00e7\u00e3o editada pelo Tribunal Superior Eleitoral (TSE) neste ano. O \u00edndice de absten\u00e7\u00e3o entre os eleitores que votaram em tr\u00e2nsito foi menor que entre os que votaram em seu domic\u00edlio: 17,82% contra 18,12%,&#8230;<\/p>\n","protected":false},"author":2,"featured_media":0,"comment_status":"open","ping_status":"open","sticky":false,"template":"","format":"standard","meta":{"footnotes":"","_links_to":"","_links_to_target":""},"categories":[6],"tags":[],"class_list":["post-20696","post","type-post","status-publish","format-standard","hentry","category-noticias"],"acf":[],"views":557,"_links":{"self":[{"href":"https:\/\/www.walcordeiro.com.br\/v1\/wp-json\/wp\/v2\/posts\/20696","targetHints":{"allow":["GET"]}}],"collection":[{"href":"https:\/\/www.walcordeiro.com.br\/v1\/wp-json\/wp\/v2\/posts"}],"about":[{"href":"https:\/\/www.walcordeiro.com.br\/v1\/wp-json\/wp\/v2\/types\/post"}],"author":[{"embeddable":true,"href":"https:\/\/www.walcordeiro.com.br\/v1\/wp-json\/wp\/v2\/users\/2"}],"replies":[{"embeddable":true,"href":"https:\/\/www.walcordeiro.com.br\/v1\/wp-json\/wp\/v2\/comments?post=20696"}],"version-history":[{"count":1,"href":"https:\/\/www.walcordeiro.com.br\/v1\/wp-json\/wp\/v2\/posts\/20696\/revisions"}],"predecessor-version":[{"id":20697,"href":"https:\/\/www.walcordeiro.com.br\/v1\/wp-json\/wp\/v2\/posts\/20696\/revisions\/20697"}],"wp:attachment":[{"href":"https:\/\/www.walcordeiro.com.br\/v1\/wp-json\/wp\/v2\/media?parent=20696"}],"wp:term":[{"taxonomy":"category","embeddable":true,"href":"https:\/\/www.walcordeiro.com.br\/v1\/wp-json\/wp\/v2\/categories?post=20696"},{"taxonomy":"post_tag","embeddable":true,"href":"https:\/\/www.walcordeiro.com.br\/v1\/wp-json\/wp\/v2\/tags?post=20696"}],"curies":[{"name":"wp","href":"https:\/\/api.w.org\/{rel}","templated":true}]}}