{"id":20409,"date":"2010-10-04T14:09:31","date_gmt":"2010-10-04T17:09:31","guid":{"rendered":"http:\/\/www.walcordeiro.com.br\/v1\/?p=20409"},"modified":"2010-10-04T14:09:31","modified_gmt":"2010-10-04T17:09:31","slug":"gabeira-do-pv-confirma-apoio-a-serra-no-2%c2%ba-turno","status":"publish","type":"post","link":"https:\/\/www.walcordeiro.com.br\/v1\/2010\/10\/04\/gabeira-do-pv-confirma-apoio-a-serra-no-2%c2%ba-turno\/","title":{"rendered":"Gabeira do PV confirma apoio a Serra no 2\u00ba turno"},"content":{"rendered":"<div><strong><em>Luciana Nunes Leal, de O Estado de S.Paulo<\/em><\/strong><\/div>\n<p>RIO &#8211; Derrotado no primeiro turno pelo governador S\u00e9rgio  Cabral (PMDB), o candidato do PV ao governo do Rio de Janeiro, deputado  Fernando Gabeira, confirmou na manh\u00e3 desta segunda-feira, 4,\u00a0que vai  apoiar o tucano Jos\u00e9 Serra no segundo turno presidencial. A participa\u00e7\u00e3o  de Gabeira na campanha de Serra depender\u00e1 de uma conversa do deputado  com a senadora Marina Silva (PV), terceira colocada na elei\u00e7\u00e3o  presidencial. &#8220;Minha posi\u00e7\u00e3o \u00e9 de apoiar Serra n\u00e3o s\u00f3 porque ele me  apoiou como porque o considero o melhor candidato&#8221;, afirmou Gabeira.<\/p>\n<p>Sobre o engajamento na campanha tucana, Gabeira disse que &#8220;depende do  que eles (tucanos) quiserem&#8221;. &#8220;No meio da semana vou conversar com a  Marina. N\u00e3o quero causar constrangimento a ela de maneira alguma&#8221;,  afirmou o parlamentar do PV. Os pr\u00f3prios tucanos acreditam que Marina  optar\u00e1 pela neutralidade. A posi\u00e7\u00e3o oficial do PV ser\u00e1 decidida em  plen\u00e1ria do partido, nos pr\u00f3ximos dias. &#8220;Tenho uma certa independ\u00eancia.  Recebi o apoio do Serra e dei a entender que o apoiaria. Vou honrar  minha palavra&#8221;, afirmou Gabeira.<\/p>\n","protected":false},"excerpt":{"rendered":"<p>Luciana Nunes Leal, de O Estado de S.Paulo RIO &#8211; Derrotado no primeiro turno pelo governador S\u00e9rgio Cabral (PMDB), o candidato do PV ao governo do Rio de Janeiro, deputado Fernando Gabeira, confirmou na manh\u00e3 desta segunda-feira, 4,\u00a0que vai apoiar o tucano Jos\u00e9 Serra no segundo turno presidencial. A participa\u00e7\u00e3o de Gabeira na campanha de Serra depender\u00e1 de uma conversa do deputado com a senadora Marina Silva (PV), terceira colocada na elei\u00e7\u00e3o presidencial. &#8220;Minha posi\u00e7\u00e3o \u00e9 de apoiar Serra n\u00e3o s\u00f3 porque ele me apoiou como porque o considero o melhor candidato&#8221;, afirmou Gabeira. Sobre o engajamento na campanha tucana,&#8230;<\/p>\n","protected":false},"author":2,"featured_media":0,"comment_status":"open","ping_status":"open","sticky":false,"template":"","format":"standard","meta":{"footnotes":"","_links_to":"","_links_to_target":""},"categories":[6],"tags":[2790,276,5558,284,3043,327,5550],"class_list":["post-20409","post","type-post","status-publish","format-standard","hentry","category-noticias","tag-apoio","tag-eleicoes-2010","tag-fernando-gabeira","tag-jose-serra","tag-nacional","tag-politica","tag-segundo-turno"],"acf":[],"views":1139,"_links":{"self":[{"href":"https:\/\/www.walcordeiro.com.br\/v1\/wp-json\/wp\/v2\/posts\/20409","targetHints":{"allow":["GET"]}}],"collection":[{"href":"https:\/\/www.walcordeiro.com.br\/v1\/wp-json\/wp\/v2\/posts"}],"about":[{"href":"https:\/\/www.walcordeiro.com.br\/v1\/wp-json\/wp\/v2\/types\/post"}],"author":[{"embeddable":true,"href":"https:\/\/www.walcordeiro.com.br\/v1\/wp-json\/wp\/v2\/users\/2"}],"replies":[{"embeddable":true,"href":"https:\/\/www.walcordeiro.com.br\/v1\/wp-json\/wp\/v2\/comments?post=20409"}],"version-history":[{"count":1,"href":"https:\/\/www.walcordeiro.com.br\/v1\/wp-json\/wp\/v2\/posts\/20409\/revisions"}],"predecessor-version":[{"id":20410,"href":"https:\/\/www.walcordeiro.com.br\/v1\/wp-json\/wp\/v2\/posts\/20409\/revisions\/20410"}],"wp:attachment":[{"href":"https:\/\/www.walcordeiro.com.br\/v1\/wp-json\/wp\/v2\/media?parent=20409"}],"wp:term":[{"taxonomy":"category","embeddable":true,"href":"https:\/\/www.walcordeiro.com.br\/v1\/wp-json\/wp\/v2\/categories?post=20409"},{"taxonomy":"post_tag","embeddable":true,"href":"https:\/\/www.walcordeiro.com.br\/v1\/wp-json\/wp\/v2\/tags?post=20409"}],"curies":[{"name":"wp","href":"https:\/\/api.w.org\/{rel}","templated":true}]}}