{"id":19612,"date":"2010-09-21T21:20:14","date_gmt":"2010-09-22T00:20:14","guid":{"rendered":"http:\/\/www.walcordeiro.com.br\/v1\/?p=19612"},"modified":"2010-09-21T21:20:14","modified_gmt":"2010-09-22T00:20:14","slug":"eletrobras-anuncia-saida-de-erenice-de-conselho-da-empresa","status":"publish","type":"post","link":"https:\/\/www.walcordeiro.com.br\/v1\/2010\/09\/21\/eletrobras-anuncia-saida-de-erenice-de-conselho-da-empresa\/","title":{"rendered":"Eletrobras anuncia sa\u00edda de Erenice de conselho da empresa"},"content":{"rendered":"<p><em><strong>Do G1, em Bras\u00edlia<\/strong><\/em><\/p>\n<p>A Eletrobras informou por meio de nota, na tarde desta ter\u00e7a-feira (21), que a ex-ministra-chefe da Casa Civil Erenice Guerra n\u00e3o pertence mais ao Conselho de Administra\u00e7\u00e3o da empresa.<\/p>\n<div id=\"materia-letra\">\n<div>\n<p>A assessoria da estatal n\u00e3o informou o motivo da sa\u00edda, mas disse que Erenice entregou nesta ter\u00e7a a carta na qual pediu desligamento da fun\u00e7\u00e3o, que ela assumiu em mar\u00e7o.<\/p>\n<p>Ainda n\u00e3o h\u00e1 defini\u00e7\u00e3o de um substituto. De acordo com a assessoria da empresa, a escolha poder\u00e1 ocorrer na pr\u00f3xima reuni\u00e3o do Conselho Administrativo, na semana que vem.<\/p>\n<p><!--more-->Sucessora e bra\u00e7o-direito de Dilma Rousseff (PT) na Casa Civil da Presid\u00eancia da Rep\u00fablica, <a href=\"http:\/\/g1.globo.com\/politica\/noticia\/2010\/09\/ministra-erenice-guerra-deixa-o-governo.html\">Erenice Guerra se demitiu<\/a> do cargo de ministra na \u00faltima quinta-feira (16), ap\u00f3s den\u00fancia de tr\u00e1fico de influ\u00eancia envolvendo seu filho Israel Guerra e servidores do minist\u00e9rio.<\/p>\n<p><strong>BNDES<br \/>\n<\/strong><\/p>\n<p>Erenice Guerra integra o Conselho de Administra\u00e7\u00e3o do Banco Nacional de Desenvolvimento Econ\u00f4mico e Social (BNDES). De acordo com a assessoria do banco, ela ingressou no conselho em 12 de maio de 2010, logo ap\u00f3s a sa\u00edda da candidata do PT \u00e0 Presid\u00eancia da Rep\u00fablica, Dilma Rousseff, que ocupava o mesmo cargo anteriormente. O conselho se re\u00fane a cada tr\u00eas meses e a remunera\u00e7\u00e3o mensal do posto \u00e9 de R$ 5.122,00.<\/p>\n<p>Na hip\u00f3tese de ela deixar tamb\u00e9m a cadeira no BNDES, caber\u00e1 ao ministro do Desenvolvimento, Ind\u00fastria e Com\u00e9rcio Exterior, Miguel Jorge, indicar um substituto, de acordo com a assessoria do BNDES. Antes de ingressar no Conselho de Administra\u00e7\u00e3o do BNDES, ela integrou o Conselho Fiscal do banco desde 4 de 2008.<\/p>\n<p>A ex-ministra fez parte do Conselho Fiscal da Petrobras de abril de 2006 a abril de 2008.<\/p>\n<\/div>\n<\/div>\n","protected":false},"excerpt":{"rendered":"<p>Do G1, em Bras\u00edlia A Eletrobras informou por meio de nota, na tarde desta ter\u00e7a-feira (21), que a ex-ministra-chefe da Casa Civil Erenice Guerra n\u00e3o pertence mais ao Conselho de Administra\u00e7\u00e3o da empresa. A assessoria da estatal n\u00e3o informou o motivo da sa\u00edda, mas disse que Erenice entregou nesta ter\u00e7a a carta na qual pediu desligamento da fun\u00e7\u00e3o, que ela assumiu em mar\u00e7o. Ainda n\u00e3o h\u00e1 defini\u00e7\u00e3o de um substituto. De acordo com a assessoria da empresa, a escolha poder\u00e1 ocorrer na pr\u00f3xima reuni\u00e3o do Conselho Administrativo, na semana que vem.<\/p>\n","protected":false},"author":2,"featured_media":0,"comment_status":"open","ping_status":"open","sticky":false,"template":"","format":"standard","meta":{"footnotes":"","_links_to":"","_links_to_target":""},"categories":[6],"tags":[],"class_list":["post-19612","post","type-post","status-publish","format-standard","hentry","category-noticias"],"acf":[],"views":563,"_links":{"self":[{"href":"https:\/\/www.walcordeiro.com.br\/v1\/wp-json\/wp\/v2\/posts\/19612","targetHints":{"allow":["GET"]}}],"collection":[{"href":"https:\/\/www.walcordeiro.com.br\/v1\/wp-json\/wp\/v2\/posts"}],"about":[{"href":"https:\/\/www.walcordeiro.com.br\/v1\/wp-json\/wp\/v2\/types\/post"}],"author":[{"embeddable":true,"href":"https:\/\/www.walcordeiro.com.br\/v1\/wp-json\/wp\/v2\/users\/2"}],"replies":[{"embeddable":true,"href":"https:\/\/www.walcordeiro.com.br\/v1\/wp-json\/wp\/v2\/comments?post=19612"}],"version-history":[{"count":1,"href":"https:\/\/www.walcordeiro.com.br\/v1\/wp-json\/wp\/v2\/posts\/19612\/revisions"}],"predecessor-version":[{"id":19613,"href":"https:\/\/www.walcordeiro.com.br\/v1\/wp-json\/wp\/v2\/posts\/19612\/revisions\/19613"}],"wp:attachment":[{"href":"https:\/\/www.walcordeiro.com.br\/v1\/wp-json\/wp\/v2\/media?parent=19612"}],"wp:term":[{"taxonomy":"category","embeddable":true,"href":"https:\/\/www.walcordeiro.com.br\/v1\/wp-json\/wp\/v2\/categories?post=19612"},{"taxonomy":"post_tag","embeddable":true,"href":"https:\/\/www.walcordeiro.com.br\/v1\/wp-json\/wp\/v2\/tags?post=19612"}],"curies":[{"name":"wp","href":"https:\/\/api.w.org\/{rel}","templated":true}]}}