{"id":19346,"date":"2010-09-16T11:13:29","date_gmt":"2010-09-16T14:13:29","guid":{"rendered":"http:\/\/www.walcordeiro.com.br\/v1\/?p=19346"},"modified":"2010-09-16T11:13:29","modified_gmt":"2010-09-16T14:13:29","slug":"horario-de-verao-comeca-em-17-de-outubro","status":"publish","type":"post","link":"https:\/\/www.walcordeiro.com.br\/v1\/2010\/09\/16\/horario-de-verao-comeca-em-17-de-outubro\/","title":{"rendered":"Hor\u00e1rio de ver\u00e3o come\u00e7a em 17 de outubro"},"content":{"rendered":"<p><strong>A medida vale somente para as regi\u00f5es Sul, Sudeste e Centro-Oeste<\/strong><\/p>\n<p>O Minist\u00e9rio de Minas e Energia informou nesta quarta-feira (15) que o hor\u00e1rio de ver\u00e3o ter\u00e1 in\u00edcio em 17 de outubro deste ano e se estender\u00e1 at\u00e9 20 de fevereiro de 2011.<br \/>\nO hor\u00e1rio de ver\u00e3o \u00e9 v\u00e1lido para as regi\u00f5es Centro-Oeste, Sul e Sudeste do pa\u00eds. Em todas as regi\u00f5es onde foi aplicada a medida contabilizou-se uma redu\u00e7\u00e3o m\u00e9dia na demanda de aproximadamente 5%, acrescentou o governo. Do G1<\/p>\n","protected":false},"excerpt":{"rendered":"<p>A medida vale somente para as regi\u00f5es Sul, Sudeste e Centro-Oeste O Minist\u00e9rio de Minas e Energia informou nesta quarta-feira (15) que o hor\u00e1rio de ver\u00e3o ter\u00e1 in\u00edcio em 17 de outubro deste ano e se estender\u00e1 at\u00e9 20 de fevereiro de 2011. O hor\u00e1rio de ver\u00e3o \u00e9 v\u00e1lido para as regi\u00f5es Centro-Oeste, Sul e Sudeste do pa\u00eds. Em todas as regi\u00f5es onde foi aplicada a medida contabilizou-se uma redu\u00e7\u00e3o m\u00e9dia na demanda de aproximadamente 5%, acrescentou o governo. Do G1<\/p>\n","protected":false},"author":2,"featured_media":0,"comment_status":"open","ping_status":"open","sticky":false,"template":"","format":"standard","meta":{"footnotes":"","_links_to":"","_links_to_target":""},"categories":[6],"tags":[],"class_list":["post-19346","post","type-post","status-publish","format-standard","hentry","category-noticias"],"acf":[],"views":479,"_links":{"self":[{"href":"https:\/\/www.walcordeiro.com.br\/v1\/wp-json\/wp\/v2\/posts\/19346","targetHints":{"allow":["GET"]}}],"collection":[{"href":"https:\/\/www.walcordeiro.com.br\/v1\/wp-json\/wp\/v2\/posts"}],"about":[{"href":"https:\/\/www.walcordeiro.com.br\/v1\/wp-json\/wp\/v2\/types\/post"}],"author":[{"embeddable":true,"href":"https:\/\/www.walcordeiro.com.br\/v1\/wp-json\/wp\/v2\/users\/2"}],"replies":[{"embeddable":true,"href":"https:\/\/www.walcordeiro.com.br\/v1\/wp-json\/wp\/v2\/comments?post=19346"}],"version-history":[{"count":1,"href":"https:\/\/www.walcordeiro.com.br\/v1\/wp-json\/wp\/v2\/posts\/19346\/revisions"}],"predecessor-version":[{"id":19347,"href":"https:\/\/www.walcordeiro.com.br\/v1\/wp-json\/wp\/v2\/posts\/19346\/revisions\/19347"}],"wp:attachment":[{"href":"https:\/\/www.walcordeiro.com.br\/v1\/wp-json\/wp\/v2\/media?parent=19346"}],"wp:term":[{"taxonomy":"category","embeddable":true,"href":"https:\/\/www.walcordeiro.com.br\/v1\/wp-json\/wp\/v2\/categories?post=19346"},{"taxonomy":"post_tag","embeddable":true,"href":"https:\/\/www.walcordeiro.com.br\/v1\/wp-json\/wp\/v2\/tags?post=19346"}],"curies":[{"name":"wp","href":"https:\/\/api.w.org\/{rel}","templated":true}]}}