{"id":18833,"date":"2010-09-08T14:41:18","date_gmt":"2010-09-08T17:41:18","guid":{"rendered":"http:\/\/www.walcordeiro.com.br\/v1\/?p=18833"},"modified":"2010-09-08T14:41:18","modified_gmt":"2010-09-08T17:41:18","slug":"pastor-diz-que-vai-queimar-corao-mesmo-com-criticas-do-governo","status":"publish","type":"post","link":"https:\/\/www.walcordeiro.com.br\/v1\/2010\/09\/08\/pastor-diz-que-vai-queimar-corao-mesmo-com-criticas-do-governo\/","title":{"rendered":"Pastor diz que vai queimar Cor\u00e3o mesmo com cr\u00edticas do governo"},"content":{"rendered":"<div><strong><em>Associated Press<\/em><\/strong><\/div>\n<p><img decoding=\"async\" src=\"http:\/\/www.estadao.com.br\/fotos\/pastorjones_John_Raoux_AP_TL.jpg\" alt=\"\" \/><br \/>\n<em>Pastor Jones idealizou o &#8216;Dia Internacional da Queima do Cor\u00e3o&#8217;.<\/em><\/p>\n<p>GAINESVILLE &#8211; O pastor Terry Jones, l\u00edder de uma pequena igreja na Fl\u00f3rida que prega uma filosofia anti-isl\u00e2mica, disse nesta quarta-feira, 8, que est\u00e1 determinado a executar seu plano de queimar exemplares do Cor\u00e3o para lembrar os ataques terroristas de 11 de setembro mesmo pressionado pela Casa Branca e por outras religi\u00f5es.<\/p>\n<p>&#8220;Estamos determinados a fazer isso&#8221;, disse ele ao canal CBS. Logo ap\u00f3s Jones anunciar a ideia, o governo americano e a at\u00e9 militares criticaram a iniciativa. A secret\u00e1ria de Estado dos EUA, Hillary Clinton, o secret\u00e1rio de Justi\u00e7a dos EUA, Eric Holder, e o comandante das tropas americanas no Afeganist\u00e3o, o general David Petraeus, condenaram a atitude. O Vaticano tamb\u00e9m rejeitou a ideia.<\/p>\n<p>O pastor disse que recebeu mais de cem amea\u00e7as de morte e que desde ent\u00e3o passou a portar um rev\u00f3lver de calibre .40. Em julho, ele declarou que faria campanha pelo &#8220;Dia Internacional da Queima do Cor\u00e3o&#8221;.<\/p>\n<p>Pessoas que apoiam a iniciativa de Jones passaram a enviar c\u00f3pias do livro sagrado do Isl\u00e3 para seu email. No dia 11 de setembro, quando os atentados contra o World Trade Center completarem nove anos, todas ser\u00e3o jogadas em uma fogueira. &#8220;Em vez de recuar, \u00e9 hora de se levantar. Talvez seja a hora de enviar ao Isl\u00e3 radical dizendo que n\u00e3o mais aceitaremos o seu comportamento&#8221;, disse o pastor na entrevista.<!--more--><\/p>\n<p>Segundo Jones, o Cor\u00e3o \u00e9 &#8220;mal\u00e9fico&#8221; por expor uma verdade que n\u00e3o \u00e9 a da B\u00edblia e incita um comportamento violento entre os mu\u00e7ulmanos. Os isl\u00e2micos consideram o Cor\u00e3o e todo material que tenha seus versos ou os nomes de Allah e do profeta Maom\u00e9 como sagrados. Qualquer a\u00e7\u00e3o que danifique ou desrespeite o Cor\u00e3o \u00e9 considerada extremamente ofensiva.<\/p>\n","protected":false},"excerpt":{"rendered":"<p>Associated Press Pastor Jones idealizou o &#8216;Dia Internacional da Queima do Cor\u00e3o&#8217;. GAINESVILLE &#8211; O pastor Terry Jones, l\u00edder de uma pequena igreja na Fl\u00f3rida que prega uma filosofia anti-isl\u00e2mica, disse nesta quarta-feira, 8, que est\u00e1 determinado a executar seu plano de queimar exemplares do Cor\u00e3o para lembrar os ataques terroristas de 11 de setembro mesmo pressionado pela Casa Branca e por outras religi\u00f5es. &#8220;Estamos determinados a fazer isso&#8221;, disse ele ao canal CBS. Logo ap\u00f3s Jones anunciar a ideia, o governo americano e a at\u00e9 militares criticaram a iniciativa. A secret\u00e1ria de Estado dos EUA, Hillary Clinton, o secret\u00e1rio&#8230;<\/p>\n","protected":false},"author":2,"featured_media":0,"comment_status":"open","ping_status":"open","sticky":false,"template":"","format":"standard","meta":{"footnotes":"","_links_to":"","_links_to_target":""},"categories":[6],"tags":[],"class_list":["post-18833","post","type-post","status-publish","format-standard","hentry","category-noticias"],"acf":[],"views":726,"_links":{"self":[{"href":"https:\/\/www.walcordeiro.com.br\/v1\/wp-json\/wp\/v2\/posts\/18833","targetHints":{"allow":["GET"]}}],"collection":[{"href":"https:\/\/www.walcordeiro.com.br\/v1\/wp-json\/wp\/v2\/posts"}],"about":[{"href":"https:\/\/www.walcordeiro.com.br\/v1\/wp-json\/wp\/v2\/types\/post"}],"author":[{"embeddable":true,"href":"https:\/\/www.walcordeiro.com.br\/v1\/wp-json\/wp\/v2\/users\/2"}],"replies":[{"embeddable":true,"href":"https:\/\/www.walcordeiro.com.br\/v1\/wp-json\/wp\/v2\/comments?post=18833"}],"version-history":[{"count":1,"href":"https:\/\/www.walcordeiro.com.br\/v1\/wp-json\/wp\/v2\/posts\/18833\/revisions"}],"predecessor-version":[{"id":18834,"href":"https:\/\/www.walcordeiro.com.br\/v1\/wp-json\/wp\/v2\/posts\/18833\/revisions\/18834"}],"wp:attachment":[{"href":"https:\/\/www.walcordeiro.com.br\/v1\/wp-json\/wp\/v2\/media?parent=18833"}],"wp:term":[{"taxonomy":"category","embeddable":true,"href":"https:\/\/www.walcordeiro.com.br\/v1\/wp-json\/wp\/v2\/categories?post=18833"},{"taxonomy":"post_tag","embeddable":true,"href":"https:\/\/www.walcordeiro.com.br\/v1\/wp-json\/wp\/v2\/tags?post=18833"}],"curies":[{"name":"wp","href":"https:\/\/api.w.org\/{rel}","templated":true}]}}