{"id":18669,"date":"2010-09-06T07:49:39","date_gmt":"2010-09-06T10:49:39","guid":{"rendered":"http:\/\/www.walcordeiro.com.br\/v1\/?p=18669"},"modified":"2010-09-06T07:49:39","modified_gmt":"2010-09-06T10:49:39","slug":"nos-jornais-dilma-ignorou-falha-apontada-por-tcu-em-contas-de-luz-prejuizo-e-de-r-1-bi","status":"publish","type":"post","link":"https:\/\/www.walcordeiro.com.br\/v1\/2010\/09\/06\/nos-jornais-dilma-ignorou-falha-apontada-por-tcu-em-contas-de-luz-prejuizo-e-de-r-1-bi\/","title":{"rendered":"Nos jornais: Dilma ignorou falha apontada por TCU em contas de luz; preju\u00edzo \u00e9 de R$ 1 bi"},"content":{"rendered":"<div id=\"texto\">\n<p><em><strong>Folha de S. Paulo<\/strong><\/em><\/p>\n<p><strong>Dilma ignorou falha apontada por TCU em contas de luz; preju\u00edzo \u00e9 de R$ 1 bi<\/strong><\/p>\n<p>A propaganda eleitoral tem apresentado a candidata \u00e0 Presid\u00eancia Dilma Rousseff (PT) como uma eficiente gestora. Um erro cometido \u00e0 frente do Minist\u00e9rio de Minas e Energia, contudo, coloca em xeque essa imagem.<br \/>\nA falha foi apontada pelo TCU (Tribunal de Contas da Uni\u00e3o), em um processo que se arrastou por sete anos, e corroborada por uma auditoria do pr\u00f3prio governo.<\/p>\n<p>Segundo as decis\u00f5es do tribunal, Dilma tardou em reconhecer e corrigir defici\u00eancias na tarifa social, um benef\u00edcio concedido a consumidores de luz de baixa renda.<!--more--><\/p>\n<p><strong>Den\u00fancia liga bispos da Universal e &#8220;sanguessugas&#8221; <\/strong><\/p>\n<p>A Procuradoria da Rep\u00fablica em S\u00e3o Paulo apontou em den\u00fancia \u00e0 Justi\u00e7a que ex-deputados federais e um vereador de Ribeir\u00e3o Preto ligados \u00e0 Igreja Universal do Reino de Deus cometeram fraudes em parceria com integrantes da &#8220;m\u00e1fia dos sanguessugas&#8221; e desviaram cerca de R$ 2 milh\u00f5es dos cofres do Minist\u00e9rio da Sa\u00fade.<\/p>\n<p>Segundo a acusa\u00e7\u00e3o formal, os envolvidos usaram uma entidade tamb\u00e9m ligada \u00e0 Universal, a ABC (Associa\u00e7\u00e3o Beneficente Crist\u00e3), sediada em S\u00e3o Paulo, para cometer as fraudes.<\/p>\n<p>A den\u00fancia tem como base uma auditoria realizada pelo Minist\u00e9rio da Sa\u00fade e pela CGU (Controladoria Geral da Uni\u00e3o) que apontou irregularidades em quatro conv\u00eanios assinados entre 2002 e 2005 para compra de sete ambul\u00e2ncias e equipamentos m\u00e9dicos e odontol\u00f3gicos.<\/p>\n<p><strong>Justi\u00e7a pode reabrir caso Toninho do PT <\/strong><\/p>\n<p>\u00c0s v\u00e9speras de completar nove anos do assassinato do prefeito de Campinas (93 km de S\u00e3o Paulo) Antonio da Costa Santos -o Toninho do PT- o juiz do caso, Jos\u00e9 Henrique Torres, encaminhar\u00e1 nesta semana um of\u00edcio \u00e0 Delegacia Seccional de Campinas para determinar a reabertura das investiga\u00e7\u00f5es.<\/p>\n<p>&#8220;Agora, o processo inteiro ser\u00e1 encaminhado para o delegado seccional [Jos\u00e9 Carneiro de Campos Rolim Neto] para dar prosseguimento nas investiga\u00e7\u00f5es. Cabe ao Minist\u00e9rio P\u00fablico acompanhar&#8221;, disse o juiz \u00e0 Folha.<\/p>\n<p><strong>Concurso da Abin barra candidatos que tenham micose<\/strong><\/p>\n<p>Ser pontual, discreto, n\u00e3o se embriagar de forma contumaz, n\u00e3o praticar nenhum ato que possa provocar um esc\u00e2ndalo, aceitar ser investigado socialmente e ter &#8220;urbanidade&#8221;.<\/p>\n<p>Esses s\u00e3o alguns crit\u00e9rios definidos pela Abin (Ag\u00eancia Brasileira de Intelig\u00eancia) aos interessados em trabalhar no \u00f3rg\u00e3o.<\/p>\n<p>Ontem, a ag\u00eancia abriu concurso para 80 vagas, 50 delas para cargos de n\u00edvel superior e 30 para fun\u00e7\u00f5es n\u00edvel m\u00e9dio, com remunera\u00e7\u00f5es de R$ 10,2 mil e R$ 4,2 mil, respectivamente.<\/p>\n<p>No entanto, para que seja chamado, o interessado precisa ter &#8220;idoneidade moral e conduta ilibada&#8221; e tamb\u00e9m aceitar fazer exames m\u00e9dicos que incluem urina, fezes e toxicol\u00f3gicos a partir de amostras de cabelos, pelos ou raspas de unhas.<\/p>\n<p><strong>Assalto foi &#8220;queima de arquivo&#8221; , diz PSDB<\/strong><\/p>\n<p>A coliga\u00e7\u00e3o da campanha de Jos\u00e9 Serra (PSDB) \u00e0 Presid\u00eancia acusou ontem o PT de ter simulado o assalto a um comit\u00ea do partido em Mau\u00e1 (ABC paulista) para &#8220;queimar arquivo&#8221; e esconder fichas de filia\u00e7\u00f5es.<\/p>\n<p>O argumento do trio PSDB-DEM-PPS \u00e9 que o roubo ocorreu dois dias antes de ser revelado que o contador Antonio Carlos Atella era filiado ao PT de Mau\u00e1 quando retirou c\u00f3pia do sigilo fiscal de Veronica Serra, usando uma procura\u00e7\u00e3o falsa na Receita.<\/p>\n<p>O Tribunal Regional Eleitoral confirmou que ele foi filiado \u00e0 sigla de 2003 a ao menos novembro de 2009. A c\u00f3pia do Imposto de Renda foi sacada em setembro de 2009.<\/p>\n<p><strong>Revela\u00e7\u00f5es sobre esc\u00e2ndalo da Receita Federal v\u00eam a conta-gotas<\/strong><\/p>\n<p>As investiga\u00e7\u00f5es sobre a viola\u00e7\u00e3o do sigilo fiscal de Veronica Serra e de outras quatro pessoas associadas ao candidato do PSDB \u00e0 Presid\u00eancia, Jos\u00e9 Serra, produziram revela\u00e7\u00f5es a conta-gotas nos \u00faltimos dias, mas ainda est\u00e3o longe de esclarecer as principais d\u00favidas do caso.<\/p>\n<p>O que se sabe at\u00e9 agora \u00e9 que duas analistas da Receita Federal usaram seus computadores para acessar as declara\u00e7\u00f5es de Imposto de Renda da filha de Serra e de mais quatro tucanos entre setembro e outubro do ano passado, sem ter nenhuma raz\u00e3o profissional para fazer isso.<\/p>\n<p><strong>Disputa interna inchou diret\u00f3rio do PT em Mau\u00e1<\/strong><\/p>\n<p>Lan\u00e7ado na rota do esc\u00e2ndalo da quebra do sigilo fiscal de Veronica Serra, o diret\u00f3rio do PT de Mau\u00e1, ao qual o falso procurador Antonio Carlos Atella Ferreira era filiado, sofreu processo de incha\u00e7o desde 2004 devido a uma forte disputa interna.<\/p>\n<p>Os grupos em confronto s\u00e3o o do atual prefeito, Oswaldo Dias, e do ex-vice-prefeito M\u00e1rcio Chaves Pires.<\/p>\n<p>Com cerca de 12 mil filiados, o PT de Mau\u00e1 \u00e9 hoje o terceiro maior diret\u00f3rio do Estado -perde para S\u00e3o Paulo e Guarulhos.<\/p>\n<p>O atual presidente, Leandro Dias, \u00e9 filho do prefeito. Na quarta-feira passada, o comit\u00ea petista no munic\u00edpio foi assaltado.<\/p>\n<p><strong>Investiga\u00e7\u00e3o do caso deve ser profunda, diz Ives Gandra <\/strong><\/p>\n<p>O advogado Ives Gandra da Silva Martins, professor em\u00e9rito da Universidade Mackenzie, considera a quebra de sigilo de contribuintes, como a que ocorreu com pessoas ligadas ao PSDB e a Jos\u00e9 Serra, um dos casos &#8220;mais graves&#8221; de viola\u00e7\u00e3o ao direito \u00e0 privacidade dos contribuintes e defende uma investiga\u00e7\u00e3o &#8220;profunda&#8221;.<\/p>\n<p>O advogado afirma que quem teve seus dados revelados pode pedir indeniza\u00e7\u00e3o.<\/p>\n<p><strong>Receita identifica 22 consultas a CPF de Eduardo Jorge<\/strong><\/p>\n<p>A Receita Federal identificou 22 consultas ao CPF do vice-presidente PSDB, Eduardo Jorge, em 2009, ano em que o sigilo fiscal do tucano foi violado. Al\u00e9m da pr\u00f3pria Receita, os acessos foram feitos por outros \u00f3rg\u00e3os p\u00fablicos, entre eles o Banco Central, a Pol\u00edcia Federal e o Minist\u00e9rio P\u00fablico.<\/p>\n<p>Trata-se de consultas aos dados cadastrais, como nome do contribuinte, endere\u00e7o e telefone. A Receita ainda n\u00e3o sabe se esses acessos tiveram motiva\u00e7\u00e3o, ou seja, foram feitos de forma legal.<\/p>\n<p><strong>Analistas e auditores disputam poder no fisco <\/strong><\/p>\n<p>Al\u00e9m da crise gerada a partir da revela\u00e7\u00e3o das quebras de sigilo em s\u00e9rie, a Receita enfrenta uma disputa de poder entre analistas tribut\u00e1rios e auditores fiscais.<\/p>\n<p>&#8220;Analistas querem ganhar espa\u00e7o porque todos os cargos de chefia est\u00e3o nas m\u00e3os de auditores&#8221;, diz Pedro Delarue, que preside o Sindifisco, dos auditores fiscais.<\/p>\n<p>&#8220;\u00c9 natural que os auditores, respons\u00e1veis pela fiscaliza\u00e7\u00e3o e que t\u00eam o poder de decis\u00e3o estabelecido em lei, comandem o \u00f3rg\u00e3o. A carreira de analista foi criada com o papel de auxiliar o fiscal.&#8221;<\/p>\n<p>O Sindifisco foi at\u00e9 a Justi\u00e7a para proibir o Sindireceita, que representa os analistas tribut\u00e1rios, de usar o nome adotado pela institui\u00e7\u00e3o.<\/p>\n<p><strong>Para advogados, quebra de sigilo gera indigna\u00e7\u00e3o <\/strong><\/p>\n<p>Advogados ouvidos pela Folha afirmam que o epis\u00f3dio da quebra de sigilo fiscal de pessoas vinculadas a tucanos gera indigna\u00e7\u00e3o e coloca em risco a credibilidade da Receita Federal.<\/p>\n<p>&#8220;A palavra \u00e9 indigna\u00e7\u00e3o. O tempo avan\u00e7a e n\u00e3o h\u00e1 resposta efetiva do Estado. A credibilidade da Receita est\u00e1 em jogo&#8221;, diz Ophir Cavalcante, presidente nacional da OAB.<\/p>\n<p>Luiz Fl\u00e1vio Borges D&#8217;Urso, presidente da OAB-SP, considera a viola\u00e7\u00e3o grav\u00edssima e diz: &#8220;O fisco aumenta a vigil\u00e2ncia sobre o contribuinte, mas n\u00e3o demonstra o mesmo zelo com os dados sigilosos&#8221;.<\/p>\n<p><strong>Emprego e nativismo sustentam idolatria a Lula em Pernambuco<\/strong><\/p>\n<p>\u00c0s margens da rodovia estadual PE-60, numa regi\u00e3o pr\u00f3xima a Recife dominada secularmente pela monocultura da cana, foi inaugurado no fim do ano passado um shopping center.<\/p>\n<p>Os canaviais ainda sobressaem na paisagem, mas cedem cada vez mais espa\u00e7o a m\u00e1quinas pesadas.<\/p>\n<p>Entre Cabo de Santo Agostinho, a cidade do shopping, e Ipojuca, alguns quil\u00f4metros adiante na estrada, est\u00e1 o complexo industrial de Suape, em torno do porto hom\u00f4nimo, onde grandes obras -como a refinaria Abreu e Lima- e a instala\u00e7\u00e3o de empresas -estaleiro Atl\u00e2ntico Sul, Petroqu\u00edmica Suape, um moinho da Bunge, entre outras- aquecem a economia e geram cerca de 30 mil empregos diretos.<\/p>\n<p><strong>Para tucanos &#8220;originais&#8221;, PSDB deve ser refundado<\/strong><\/p>\n<p>O PSDB ter\u00e1 que ser reformulado, independentemente do resultado das elei\u00e7\u00f5es. Essa \u00e9 a opini\u00e3o consensual de fundadores tucanos ouvidos pela Folha e que seguem filiados ao partido 22 anos depois de seu nascimento.<br \/>\nAo mesmo tempo em que elogiam Jos\u00e9 Serra como candidato \u00e0 Presid\u00eancia, os ouvidos concordam que o partido perdeu a ess\u00eancia, curtida na social-democracia europeia.<\/p>\n<p>Hoje, dos 109 fundadores, apenas Fernando Henrique Cardoso e Pimenta da Veiga, al\u00e9m de Serra, ainda comp\u00f5em o conselho pol\u00edtico nacional do partido.<\/p>\n<p><strong>Candidatos ao governo s\u00e3o acusados de usar m\u00e1quina<\/strong><\/p>\n<p>Principais advers\u00e1rios na elei\u00e7\u00e3o para o governo de Minas Gerais, o governador Antonio Anastasia (PSDB) e o ex-ministro das Comunica\u00e7\u00f5es H\u00e9lio Costa (PMDB) s\u00e3o acusados de usar a m\u00e1quina para obter apoio de prefeitos.<\/p>\n<p>De 1\u00ba de junho a 3 de julho (data limite de transfer\u00eancia volunt\u00e1ria de recursos p\u00fablicos em ano eleitoral), Anastasia assinou 3.545 conv\u00eanios, no valor de R$ 982 milh\u00f5es, com 842 prefeituras.<\/p>\n<p><strong>Ap\u00f3s opera\u00e7\u00e3o da PF, fraude em banco vira motivo de ataque contra Yeda na TV<\/strong><\/p>\n<p>A opera\u00e7\u00e3o que a Pol\u00edcia Federal deflagrou na \u00faltima quinta-feira contra desvio de R$ 10 milh\u00f5es no Banrisul j\u00e1 elevou a temperatura da campanha eleitoral no Rio Grande do Sul.<\/p>\n<p>No dia seguinte, o candidato ao governo Pedro Ruas (PSOL) apareceu na TV culpando a candidata \u00e0 reelei\u00e7\u00e3o Yeda Crusius (PSDB) pelo &#8220;assalto&#8221; ao banco estatal.<\/p>\n<p><strong>L\u00edder nas pesquisas, Eduardo Campos vai priorizar ajuda a candidatos ao Senado<\/strong><\/p>\n<p>Com as pesquisas indicando vit\u00f3ria tranquila no 1\u00ba turno, a campanha do governador e candidato \u00e0 reelei\u00e7\u00e3o Eduardo Campos (PSB) quer investir nas candidaturas ao Senado de Humberto Costa (PT) e Armando Monteiro Neto (PTB).<\/p>\n<p>A ideia \u00e9 casar a popularidade do governador e do presidente Lula com as campanhas ao Senado e repass\u00e1-las aos eleitores como se fossem um &#8220;pacote fechado&#8221; para a elei\u00e7\u00e3o.<\/p>\n<p>Na TV, Lula aparece com os dois candidatos ao Senado em imagens gravadas no com\u00edcio que participou em Recife, em agosto.<\/p>\n<p><strong>Crivella usa aproxima\u00e7\u00e3o entre Lula e Cabral como bandeira de campanha<\/strong><\/p>\n<p>O que era constrangimento virou bandeira de campanha. O senador Marcelo Crivella (PRB), candidato \u00e0 reelei\u00e7\u00e3o, disse \u00e0 TV Record que foi o respons\u00e1vel pela aproxima\u00e7\u00e3o entre o governador S\u00e9rgio Cabral (PMDB) e Lula no segundo turno de 2006. &#8220;Cabral foi senador de oposi\u00e7\u00e3o. Hoje o lema da campanha dele \u00e9 &#8220;Estamos Juntos&#8221;.&#8221; \u00c0 \u00e9poca, por\u00e9m, o senador se irritou com o an\u00fancio do apoio de Lula a Cabral sem ser ouvido.<\/p>\n<p><strong>Crivella dribla TRE e usa imagem de Lula<\/strong><\/p>\n<p>Contrariando decis\u00e3o da Justi\u00e7a Eleitoral, o senador Marcelo Crivella (PRB), que tenta a reelei\u00e7\u00e3o, mant\u00e9m placas ao lado do presidente Luiz In\u00e1cio Lula da Silva e usa depoimento da candidata \u00e0 Presid\u00eancia Dilma Rousseff (PT) em sua campanha.<\/p>\n<p>O drible no Tribunal Regional Eleitoral revela a disputa pela imagem de Lula no Estado. No acirrada embate pelas duas vagas ao Senado, 3 dos 4 principais candidatos est\u00e3o na base governista.<\/p>\n<p>O TRE proibiu, em liminar h\u00e1 duas semanas, que o senador utilize a imagem de Lula em seu programa porque o PT participa de outra coliga\u00e7\u00e3o -cujos candidatos s\u00e3o o ex-prefeito Lindberg Farias (PT) e o deputado Jorge Picciani (PMDB).<\/p>\n<p>O pedido para que o depoimento fosse retirado foi feito pela coliga\u00e7\u00e3o Juntos Pelo Rio (da qual PT, PMDB e mais 14 siglas fazem parte) minutos ap\u00f3s a veicula\u00e7\u00e3o do primeiro programa de TV.<\/p>\n<p><strong>Ap\u00f3s estada em casa de Dilma, poeta escreveu sobre Brasil<\/strong><\/p>\n<p>Quando saiu da Bulg\u00e1ria, em 1929, Pedro Rousseff levou na bagagem um livro de poesias intitulado &#8220;A Eterna e a Sagrada&#8221;, de uma conterr\u00e2nea sua chamada Elisaveta Bagriana. Ao menos \u00e9 o que contou, anos depois, a pr\u00f3pria Elisaveta a seu bi\u00f3grafo, Iordan Vassilev.<\/p>\n<p>Em entrevista \u00e0 Folha, Vassilev diz que Pedro e Elisaveta se conheceram no in\u00edcio dos anos 60, quando a poeta, considerada um dos maiores nomes da literatura b\u00falgara, foi ao Brasil para um encontro de escritores.<\/p>\n<p><strong>Caetano diz que rea\u00e7\u00f5es a seu voto em Maia &#8220;s\u00e3o apavoradas&#8221;<\/strong><\/p>\n<p>A declara\u00e7\u00e3o de Caetano Veloso de que votar\u00e1 no ex-prefeito do Rio Cesar Maia (DEM) para o Senado provocou &#8220;rea\u00e7\u00f5es apavoradas&#8221;, contou o cantor e compositor em e-mail \u00e0 Folha.<\/p>\n<p>Caetano divulgou seu voto na coluna semanal que mant\u00e9m no jornal &#8220;O Globo&#8221;.<\/p>\n<p>&#8220;Escrevi na coluna que amigos estranhariam minha declara\u00e7\u00e3o de voto. Mas n\u00e3o esperei rea\u00e7\u00f5es t\u00e3o apavoradas quanto as que li em e-mails&#8221;, afirmou.<\/p>\n<p>&#8220;Cesar Maia veio do PDT, era um quadro de alto n\u00edvel intelectual do brizolismo. Saiu em aventura individual. Defende posi\u00e7\u00f5es com clareza e informa seus eleitores sobre pol\u00edtica em n\u00edvel internacional e com ampla perspectiva hist\u00f3rica.&#8221;<\/p>\n<p><strong>Marina tenta impulsionar candidatura em terra natal<\/strong><\/p>\n<p>Dois meses depois do in\u00edcio oficial da campanha, Marina Silva chegou neste fim de semana pela primeira vez \u00e0 sua terra natal numa situa\u00e7\u00e3o inc\u00f4moda: at\u00e9 mesmo no Acre, a candidata do Partido Verde est\u00e1 em terceiro lugar na corrida presidencial.<\/p>\n<p>O empenho do PT local para vitaminar a candidatura de Dilma Rousseff \u00e9 apontado por aliados de Marina como principal fator para o mau desempenho da acriana no Estado. Na mais recente pesquisa Ibope, a senadora tem 19% das inten\u00e7\u00f5es de voto do eleitorado local, contra 32% de Dilma e 34% de Jos\u00e9 Serra (PSDB).<\/p>\n<p><strong>Pol\u00edticos usam Twitter para se autopromover e n\u00e3o interagem<\/strong><\/p>\n<p>Estudo com 209 perfis de pol\u00edticos no Twitter mostra que eles usam a rede social muito mais para autopromo\u00e7\u00e3o do que para intera\u00e7\u00e3o.<br \/>\nSegundo o trabalho dos cientistas pol\u00edticos Hilton Cesario Fernandes e Ludmila Almeida, 70,3% dos tu\u00edtes analisados tratavam de assuntos pol\u00edticos (promo\u00e7\u00e3o pr\u00f3pria ou de aliados), enquanto 25,3% eram respostas a outros tuiteiros e 4,4% se referiam a assuntos diversos.<\/p>\n<p><em>Correio Braziliense<\/p>\n<p><\/em><strong>ONGs com jeito de cabos eleitorais<\/strong><\/p>\n<p>Organiza\u00e7\u00f5es n\u00e3o governamentais (ONG) descobriram na parceria com pol\u00edticos o caminho mais f\u00e1cil para ter acesso a recursos p\u00fablicos. Ao se beneficiar de repasses do governo federal por meio de emendas parlamentares apresentadas por deputados e senadores, essas institui\u00e7\u00f5es retribuem se dedicando \u00e0s campanhas de quem lhes ajudou a encher os cofres. O Correio encontrou em diferentes regi\u00f5es do pa\u00eds casos que d\u00e3o fortes ind\u00edcios de como pol\u00edticos conseguem fazer de ONGs verdadeiros cabos eleitorais. Uma rela\u00e7\u00e3o de proximidade que tem chamado a aten\u00e7\u00e3o de \u00f3rg\u00e3os de fiscaliza\u00e7\u00e3o. Em Minas Gerais, por exemplo, o Minist\u00e9rio P\u00fablico Federal abriu investiga\u00e7\u00e3o para apurar a participa\u00e7\u00e3o da Esporte Mais, de Uberaba, na elei\u00e7\u00e3o de um vereador.<\/p>\n<p>No Distrito Federal, a Associa\u00e7\u00e3o de Radiodifus\u00e3o e Jornalismo Comunit\u00e1rio de Santa Maria tem uma simpatia declarada pelo deputado federal Geraldo Magela (PT). Gra\u00e7as a ele, a pequena institui\u00e7\u00e3o, localizada em cima de uma barbearia em uma sala alugada, recebeu do Minist\u00e9rio do Esporte R$ 490 mil em 2009 e este ano embolsou R$ 1,1 milh\u00e3o. Em troca, a ONG faz o que pode para retribuir. No site da emissora, dois v\u00eddeos de entrevistas com Magela est\u00e3o na p\u00e1gina principal. Um deles desafiou at\u00e9 as proibi\u00e7\u00f5es da Justi\u00e7a Eleitoral. Entitulado \u201cMagela fala sobre voto facultativo\u201d, o v\u00eddeo tem 7 minutos e 50 segundos e durante todo o tempo locutor e entrevistado conversam apenas sobre a trajet\u00f3ria pol\u00edtica do deputado e ressaltam a presen\u00e7a frequente de Magela em Santa Maria. A entrevista foi feita antes do in\u00edcio oficial da propaganda eleitoral. O deputado tenta a reelei\u00e7\u00e3o.<\/p>\n<p><strong>Dilma n\u00e3o vem? Lula resolve<\/strong><\/p>\n<p>Com altos \u00edndices de inten\u00e7\u00e3o de votos nas pesquisas e tendo a seu lado o presidente Luiz In\u00e1cio Lula da Silva no papel de cabo eleitoral, a candidata petista Dilma Rousseff pode se dar ao luxo de faltar em seu pr\u00f3prio com\u00edcio. Sob o argumento de acompanhar os \u00faltimos exames da filha, Paula, para o nascimento do neto da ex-ministra em Porto Alegre, Dilma n\u00e3o compareceu ao evento em Guarulhos, regi\u00e3o metropolitana de S\u00e3o Paulo, e deixou para Lula e o candidato ao governo Aloizio Mercadante a tarefa de pedir votos em seu nome.<\/p>\n<p>A aus\u00eancia de Dilma, no entanto, foi capitalizada. Lula, Mercadante e os candidatos ao Senado, Marta Suplicy (PT) e Netinho de Paula (PCdoB), em cada discurso, trataram de refor\u00e7ar o papel de Dilma como m\u00e3e e av\u00f3, mote que tem sido amplamente explorado na campanha e que teria ajudado a conquistar o voto feminino.<\/p>\n<p><strong>Como\u00e7\u00e3o na despedida<\/strong><\/p>\n<p>A como\u00e7\u00e3o eleitoral e social causada pelo assassinato do prefeito de Alto Para\u00edso, Divaldo William Rinco (PSDB) repercutiu diretamente na cerim\u00f4nia de sepultamento, realizada ontem. Mais de 2 mil pessoas, entre familiares, parlamentares e populares, acompanharam as \u00faltimas homenagens ao l\u00edder tucano, influente na regi\u00e3o nordeste de Goi\u00e1s. Rinco levou tr\u00eas tiros pelas costas na noite de quinta-feira, em frente a um bar. A pol\u00edcia continua as buscas por Ary Garcez, principal suspeito do homic\u00eddio. Colegas de inf\u00e2ncia, os dois se tornaram rivais pol\u00edticos ferrenhos h\u00e1 dois anos, na disputa pela prefeitura de Alto Para\u00edso. Divaldo venceu por diferen\u00e7a de apenas 114 votos o candidato Uiter Gomes de Ara\u00fajo, apoiado por Ary. O corpo do prefeito foi velado no gin\u00e1sio municipal. Vereadores e prefeitos de cidades vizinhas compareceram, assim como os senadores Marconi Perillo (PSDB), candidato ao governo, Demostenes Torres (DEM) e L\u00facia V\u00e2nia (PSDB).<\/p>\n<p>Marcus Adilson Rinco, irm\u00e3o do prefeito assassinado, descartou que a trag\u00e9dia tivesse sido apropriada como palanque. Segundo ele, a situa\u00e7\u00e3o era inevit\u00e1vel, j\u00e1 que o prefeito era muito conhecido. \u201cA influ\u00eancia do Divaldo no processo eleitoral local e regional \u00e9 inquestion\u00e1vel. Culminou que o assassinato ocorreu num momento de campanha e de nervos \u00e0 flor da pele. Ele era pol\u00edtico. \u00c9 natural a movimenta\u00e7\u00e3o, o ass\u00e9dio, a exposi\u00e7\u00e3o\u201d, diz.<\/p>\n<p><strong>Um presidente na esteira do Real<\/strong><\/p>\n<p>Em uma elei\u00e7\u00e3o recheada de estrelas do cen\u00e1rio pol\u00edtico brasileiro, quem brilhou em 1994 foi um acriano de ideas nacionalistas e que falava r\u00e1pido devido \u00e0 falta de tempo no hor\u00e1rio de propaganda eleitoral gratuita. O eleito para governar o pa\u00eds foi Fernando Henrique Cardoso (PSDB), mas quem desbancou Leonel Brizola (PDT), Orestes Qu\u00e9rcia (PMDB) e Esperidi\u00e3o Amin (PPR) \u2014 ent\u00e3o caciques no plano nacional \u2014 foi En\u00e9as Carneiro, que chegou na terceira coloca\u00e7\u00e3o, atr\u00e1s apenas de FHC e de Luiz In\u00e1cio Lula da Silva (PT). En\u00e9as, na \u00e9poca filiado ao Partido de Reedifica\u00e7\u00e3o da Ordem Nacional (Prona), conseguiu mais de 4,6 milh\u00f5es de votos.<\/p>\n<p>Mas se a elei\u00e7\u00e3o de Fernando Henrique j\u00e1 era previs\u00edvel por causa do sucesso do Plano Real, a ascens\u00e3o de En\u00e9as Carneiro foi inesperada. \u201cEra o sintoma dos partidos e dos candidatos da \u00e9poca\u201d, observa o senador Pedro Simon (PMDB-RS). A longa barba, o bord\u00e3o \u201cmeu nome \u00e9 En\u00e9as\u201d, os grandes \u00f3culos de grau e o discurso nacionalista fizeram com que o candidato \u2014 falecido em maio de 2007 \u2014 fosse o diferencial das elei\u00e7\u00f5es daquele ano. \u201cA originalidade dele ajudou muito, como o momento em que dizia que seu nome era En\u00e9as\u201d, lembra Simon. Em 2002, En\u00e9as foi eleito para a C\u00e2mara dos Deputados por S\u00e3o Paulo com 1,57 milh\u00e3o de votos \u2014 a maior vota\u00e7\u00e3o de todo o Congresso at\u00e9 hoje.<\/p>\n<p><strong>A for\u00e7a da TV<\/strong><\/p>\n<p>Hoje \u00e9 o 20\u00ba dia de veicula\u00e7\u00e3o da propaganda eleitoral na televis\u00e3o e no r\u00e1dio. \u00c9 quase a metade do total de 45 dias, que termina na antev\u00e9spera da elei\u00e7\u00e3o. J\u00e1 d\u00e1 para avaliar seu impacto inicial e estimar que efeitos poder\u00e1 ter de agora em diante.<\/p>\n<p>Nas pesquisas feitas em \u00e2mbito nacional e nos estados, v\u00ea-se que estas elei\u00e7\u00f5es confirmam o padr\u00e3o de audi\u00eancia que conhec\u00edamos de outras. O chamado \u201cprograma eleitoral\u201d, veiculado no in\u00edcio da tarde e \u00e0 noite, est\u00e1 tendo uma audi\u00eancia cativa relativamente pequena. Os comerciais, espalhados na grade das emissoras ao longo do dia, atingem contingentes muito maiores do eleitorado.<\/p>\n<p>Embora nossos legisladores tenham escolhido faixas de hor\u00e1rio em que aumenta a chance de alcan\u00e7ar um grande n\u00famero de eleitores, a previsibilidade dos programas faz com que sejam vistos por um segmento bem particular do eleitorado: as pessoas que se interessam por pol\u00edtica. N\u00e3o \u00e9 pelo fato de ser veiculados na hora em que as pessoas est\u00e3o, na maior parte dos casos, almo\u00e7ando ou jantando, que eles despertariam a curiosidade dos desinteressados.<\/p>\n<p><em>O Globo<\/em>\u00a0<\/p>\n<p><strong>Criaram o comissariado da Receita<\/strong><\/p>\n<p>O controle da Receita Federal pelo comissariado do Planalto ficou exposto quando o rep\u00f3rter Leandro Colon descobriu que, durante 28 horas, o Minist\u00e9rio da Fazenda e os companheiros do fisco sustentaram que as declara\u00e7\u00f5es de Imposto de Renda da filha de Jos\u00e9 Serra haviam sido solicitadas por ela.<\/p>\n<p>Desde as 13h42 de ter\u00e7a-feira, a Corregedoria sabia que o contador que apresentara a &#8220;procura\u00e7\u00e3o&#8221; da empres\u00e1ria tinha quatro CPFs. Enquanto puderam, omitiram esse fato, fazendo de bobos a quem lhes deu cr\u00e9dito.<\/p>\n<p>As viola\u00e7\u00f5es dos sigilos fiscais de tucanos revelaram que os controles da Receita s\u00e3o ineptos (as operadoras de cart\u00e3o de cr\u00e9dito avisam ao fregu\u00eas quando ocorrem transa\u00e7\u00f5es esquisitas com seu pl\u00e1stico) e inimput\u00e1veis (um servidor passa suas senhas a outro e continua no emprego).<\/p>\n<p><strong>Em com\u00edcio, Lula diz que programa de Serra na TV est\u00e1 rasteiro<\/strong><\/p>\n<p>O presidente Luiz In\u00e1cio Lula da Silva afirmou neste s\u00e1bado, durante com\u00edcio na cidade Guarulhos, na Grande S\u00e3o Paulo, que o programa eleitoral do candidato \u00e0 Presid\u00eancia pelo PSDB, Jos\u00e9 Serra, est\u00e1 &#8220;rasteiro e baixando o n\u00edvel&#8221; por ter exibido o caso da quebra do sigilo fiscal da filha do tucano, Ver\u00f4nica Serra. Lula ainda questionou vazamento de declara\u00e7\u00f5es de renda de tucanos afirmando que ( Leia tamb\u00e9m: Dilma lidera com 50%, e Serra tem 28%, diz pesquisa Datafolha)\u00a0<\/p>\n<p>&#8211; Nosso programa de televis\u00e3o \u00e9 um programa tranquilo, maduro, mostrando as coisas que estamos fazendo no Brasil, mostrando cada obra que fizemos. Do outro lado, temos um advers\u00e1rio, que o bicho anda com uma raiva que eu n\u00e3o sei de que. O programa est\u00e1 pesado, o programa est\u00e1 baixando o n\u00edvel. O programa est\u00e1 rasteiro &#8211; criticou o presidente.<br \/>\n\u00a0<br \/>\n<strong>Investiga\u00e7\u00e3o da Receita detecta que foram feitos 10 acessos a CPF de Eduardo Jorge em Minas<\/strong><\/p>\n<p>Levantamento da Receita Federal na investiga\u00e7\u00e3o sobre vazamento de dados fiscais do vice-presidente do PSDB Eduardo Jorge detectou que foram feitos dez acessos ao CPF do tucano num terminal do fisco em Formiga, Minas Gerais. Os dados ainda est\u00e3o sendo analisados pela Receita. O registro no sistema de banco de dados do fisco faz men\u00e7\u00e3o apenas uma &#8220;consulta&#8221;.<\/p>\n<p>Segundo t\u00e9cnicos da Receita, esse tipo de registro pode significar que o servidor apenas tentou verificar os dados pessoais de Eduardo Jorge. Para saber se o acesso foi imotivado \u00e9 preciso verificar ainda se a pesquisa teve ou n\u00e3o autoriza\u00e7\u00e3o ou seguiu algum pedido judicial.<\/p>\n<p>Em S\u00e3o Paulo, Eduardo Jorge confirmou que os documentos que obteve com ordem judicial mostram que seus dados sigilosos na Receita Federal foram acessados n\u00e3o s\u00f3 nas superintend\u00eancias do \u00f3rg\u00e3o em Formiga, Minas Gerais, e Mau\u00e1, no ABC paulista.<\/p>\n<p>Segundo ele, h\u00e1 uma rela\u00e7\u00e3o de acessos tamb\u00e9m &#8220;em outras localidades&#8221;. No entanto, disse que n\u00e3o daria mais informa\u00e7\u00f5es enquanto n\u00e3o tivesse detalhes sobre o motivo da devassa em seu Imposto de Renda.<\/p>\n<\/div>\n","protected":false},"excerpt":{"rendered":"<p>Folha de S. Paulo Dilma ignorou falha apontada por TCU em contas de luz; preju\u00edzo \u00e9 de R$ 1 bi A propaganda eleitoral tem apresentado a candidata \u00e0 Presid\u00eancia Dilma Rousseff (PT) como uma eficiente gestora. Um erro cometido \u00e0 frente do Minist\u00e9rio de Minas e Energia, contudo, coloca em xeque essa imagem. A falha foi apontada pelo TCU (Tribunal de Contas da Uni\u00e3o), em um processo que se arrastou por sete anos, e corroborada por uma auditoria do pr\u00f3prio governo. Segundo as decis\u00f5es do tribunal, Dilma tardou em reconhecer e corrigir defici\u00eancias na tarifa social, um benef\u00edcio concedido a&#8230;<\/p>\n","protected":false},"author":2,"featured_media":0,"comment_status":"open","ping_status":"open","sticky":false,"template":"","format":"standard","meta":{"footnotes":"","_links_to":"","_links_to_target":""},"categories":[6],"tags":[],"class_list":["post-18669","post","type-post","status-publish","format-standard","hentry","category-noticias"],"acf":[],"views":633,"_links":{"self":[{"href":"https:\/\/www.walcordeiro.com.br\/v1\/wp-json\/wp\/v2\/posts\/18669","targetHints":{"allow":["GET"]}}],"collection":[{"href":"https:\/\/www.walcordeiro.com.br\/v1\/wp-json\/wp\/v2\/posts"}],"about":[{"href":"https:\/\/www.walcordeiro.com.br\/v1\/wp-json\/wp\/v2\/types\/post"}],"author":[{"embeddable":true,"href":"https:\/\/www.walcordeiro.com.br\/v1\/wp-json\/wp\/v2\/users\/2"}],"replies":[{"embeddable":true,"href":"https:\/\/www.walcordeiro.com.br\/v1\/wp-json\/wp\/v2\/comments?post=18669"}],"version-history":[{"count":1,"href":"https:\/\/www.walcordeiro.com.br\/v1\/wp-json\/wp\/v2\/posts\/18669\/revisions"}],"predecessor-version":[{"id":18670,"href":"https:\/\/www.walcordeiro.com.br\/v1\/wp-json\/wp\/v2\/posts\/18669\/revisions\/18670"}],"wp:attachment":[{"href":"https:\/\/www.walcordeiro.com.br\/v1\/wp-json\/wp\/v2\/media?parent=18669"}],"wp:term":[{"taxonomy":"category","embeddable":true,"href":"https:\/\/www.walcordeiro.com.br\/v1\/wp-json\/wp\/v2\/categories?post=18669"},{"taxonomy":"post_tag","embeddable":true,"href":"https:\/\/www.walcordeiro.com.br\/v1\/wp-json\/wp\/v2\/tags?post=18669"}],"curies":[{"name":"wp","href":"https:\/\/api.w.org\/{rel}","templated":true}]}}