{"id":18071,"date":"2010-08-27T14:59:18","date_gmt":"2010-08-27T17:59:18","guid":{"rendered":"http:\/\/www.walcordeiro.com.br\/v1\/?p=18071"},"modified":"2010-08-27T14:59:18","modified_gmt":"2010-08-27T17:59:18","slug":"vereadora-dirige-sem-habilitacao","status":"publish","type":"post","link":"https:\/\/www.walcordeiro.com.br\/v1\/2010\/08\/27\/vereadora-dirige-sem-habilitacao\/","title":{"rendered":"Vereadora dirige sem habilita\u00e7\u00e3o"},"content":{"rendered":"<div id=\"article_body\">\n<div><img decoding=\"async\" src=\"http:\/\/nildofreitas.com\/v2\/thumbnail.php?file=janete_alves_luis_eduardo_404172011.jpg&amp;size=article_medium\" alt=\"image\" \/><\/div>\n<p><strong>Em 2008, ela foi a 12\u00aa candidata com maior vota\u00e7\u00e3o na cidade<\/strong><\/p>\n<p>Em Luis Eduardo Magalh\u00e3es, no oeste do estado, uma vereadora abusa das vantagens que a vida parlamentar lhe concede e desrespeita de maneira flagrante a lei de tr\u00e2nsito, al\u00e9m de colocar pedestres em perigo. Janete Alves (PTC) dirige seu carro pelas ruas da cidade sem habilita\u00e7\u00e3o e at\u00e9 a \u00faltima ter\u00e7a-fira (24) escondia o fato de todo o munic\u00edpio. A revela\u00e7\u00e3o veio durante uma tensa sess\u00e3o na C\u00e2mara de Vereadores, quando Janete veio \u00e0 tribuna defender um colega que tentava a extin\u00e7\u00e3o de um projeto e alegou que a medida como estava contrariava a lei. Neste momento, o colega Cabo Carlos perguntou \u00e0 vereadora o que poderia falar sobre leis se dirigia h\u00e1 anos sem habilita\u00e7\u00e3o. Como n\u00e3o obteve resposta, Janete levantou as suspeitas na Casa. Por este motivo, a C\u00e2mara de Vereadores amea\u00e7a instaurar contra ela um processo de quebra de decoro que pode acabar com a cassa\u00e7\u00e3o de mandato. O presidente da C\u00e2mara, concedeu \u00e0 parlamentar cinco dias para que apresentasse diante da mesa diretora sua habilita\u00e7\u00e3o, o que ainda n\u00e3o fez. Em 2008, ela foi a 12\u00aa candidata com maior vota\u00e7\u00e3o na cidade. As informa\u00e7\u00f5es s\u00e3o da coluna Tempo Presente, do jornal A Tarde, e do jornal O Expresso.<\/p><\/div>\n","protected":false},"excerpt":{"rendered":"<p>Em 2008, ela foi a 12\u00aa candidata com maior vota\u00e7\u00e3o na cidade Em Luis Eduardo Magalh\u00e3es, no oeste do estado, uma vereadora abusa das vantagens que a vida parlamentar lhe concede e desrespeita de maneira flagrante a lei de tr\u00e2nsito, al\u00e9m de colocar pedestres em perigo. Janete Alves (PTC) dirige seu carro pelas ruas da cidade sem habilita\u00e7\u00e3o e at\u00e9 a \u00faltima ter\u00e7a-fira (24) escondia o fato de todo o munic\u00edpio. A revela\u00e7\u00e3o veio durante uma tensa sess\u00e3o na C\u00e2mara de Vereadores, quando Janete veio \u00e0 tribuna defender um colega que tentava a extin\u00e7\u00e3o de um projeto e alegou que&#8230;<\/p>\n","protected":false},"author":2,"featured_media":0,"comment_status":"open","ping_status":"open","sticky":false,"template":"","format":"standard","meta":{"footnotes":"","_links_to":"","_links_to_target":""},"categories":[6],"tags":[],"class_list":["post-18071","post","type-post","status-publish","format-standard","hentry","category-noticias"],"acf":[],"views":462,"_links":{"self":[{"href":"https:\/\/www.walcordeiro.com.br\/v1\/wp-json\/wp\/v2\/posts\/18071","targetHints":{"allow":["GET"]}}],"collection":[{"href":"https:\/\/www.walcordeiro.com.br\/v1\/wp-json\/wp\/v2\/posts"}],"about":[{"href":"https:\/\/www.walcordeiro.com.br\/v1\/wp-json\/wp\/v2\/types\/post"}],"author":[{"embeddable":true,"href":"https:\/\/www.walcordeiro.com.br\/v1\/wp-json\/wp\/v2\/users\/2"}],"replies":[{"embeddable":true,"href":"https:\/\/www.walcordeiro.com.br\/v1\/wp-json\/wp\/v2\/comments?post=18071"}],"version-history":[{"count":1,"href":"https:\/\/www.walcordeiro.com.br\/v1\/wp-json\/wp\/v2\/posts\/18071\/revisions"}],"predecessor-version":[{"id":18072,"href":"https:\/\/www.walcordeiro.com.br\/v1\/wp-json\/wp\/v2\/posts\/18071\/revisions\/18072"}],"wp:attachment":[{"href":"https:\/\/www.walcordeiro.com.br\/v1\/wp-json\/wp\/v2\/media?parent=18071"}],"wp:term":[{"taxonomy":"category","embeddable":true,"href":"https:\/\/www.walcordeiro.com.br\/v1\/wp-json\/wp\/v2\/categories?post=18071"},{"taxonomy":"post_tag","embeddable":true,"href":"https:\/\/www.walcordeiro.com.br\/v1\/wp-json\/wp\/v2\/tags?post=18071"}],"curies":[{"name":"wp","href":"https:\/\/api.w.org\/{rel}","templated":true}]}}