{"id":17963,"date":"2010-08-26T06:58:13","date_gmt":"2010-08-26T09:58:13","guid":{"rendered":"http:\/\/www.walcordeiro.com.br\/v1\/?p=17963"},"modified":"2010-08-26T06:58:13","modified_gmt":"2010-08-26T09:58:13","slug":"marina-%e2%80%9csofro-preconceito-por-ser-evangelica%e2%80%9d","status":"publish","type":"post","link":"https:\/\/www.walcordeiro.com.br\/v1\/2010\/08\/26\/marina-%e2%80%9csofro-preconceito-por-ser-evangelica%e2%80%9d\/","title":{"rendered":"Marina: \u201cSofro preconceito por ser evang\u00e9lica\u201d"},"content":{"rendered":"<p><img loading=\"lazy\" decoding=\"async\" title=\"F\u00e1bio Pozzebom\/ABr\" src=\"http:\/\/www.congressoemfoco.com.br\/upload\/congresso\/marina_silva_fabiopozzebom_abr.jpg\" alt=\"F\u00e1bio Pozzebom\/ABr\" width=\"226\" height=\"220\" align=\"left\" \/><\/p>\n<p>A candidata do PV \u00e0 Presid\u00eancia da Rep\u00fablica, Marina Silva, \u00e9 mulher. \u00c9 negra. Foi analfabeta at\u00e9 os 16 anos. Quando crian\u00e7a, vivia no meio da floresta amaz\u00f4nica. Foi empregada dom\u00e9stica. Nesta entrevista ao <strong>Congresso em Foco<\/strong>, ela garante que nenhuma dessas circunst\u00e2ncias da sua vida a fizeram ser v\u00edtima de preconceito. Agora, na disputa pela sucess\u00e3o do presidente Lula, Marina diz sentir pela primeira vez discrimina\u00e7\u00e3o. Por nenhuma das raz\u00f5es descritas acima, mas por sua op\u00e7\u00e3o religiosa. Marina se diz discriminada pelo fato de ser evang\u00e9lica, mission\u00e1ria da Assembleia de Deus.<\/p>\n<p>Para Marina, isso tem sido usado para tentar imprimir nela a pecha de pessoa excessivamente conservadora do ponto de vista dos costumes. Num grau muito al\u00e9m do que corresponde \u00e0 verdade. Marina \u00e9 contra o aborto, mas outros candidatos tamb\u00e9m se declaram assim. \u201cQuando os outros candidatos se declaram contra o aborto, o assunto morre ali. Comigo, vira sabatina\u201d, reclama. \u201cVoc\u00ea n\u00e3o imagina o mal-estar que isso me traz\u201d. Longe dessa imagem de ultra-conservadora no campo da moral, Marina se diz favor\u00e1vel \u00e0 uni\u00e3o civil de homossexuais e, embora seja pessoalmente contr\u00e1ria \u00e0 pesquisa com c\u00e9lulas-tronco adultas, lembra que a legisla\u00e7\u00e3o brasileira possibilita investimentos para todos os tipos de pesquisa. \u201cA minha rela\u00e7\u00e3o com a pesquisa cient\u00edfica \u00e9 de apoio e respeito total\u201d.<!--more--><\/p>\n<p>Egressa do PT, partido no qual militava at\u00e9 o ano passado, Marina diz, na entrevista, que sua\u00a0 sa\u00edda do partido de Lula e do seu governo deve-se ao fato de que ambos, o partido e o governo, n\u00e3o acordaram para os desafios do s\u00e9culo 21, que seriam o problema ambiental, com o aquecimento global e outros fen\u00f4menos que j\u00e1 come\u00e7am a ficar vis\u00edveis, e a crise do modelo econ\u00f4mico, que j\u00e1 teve seus efeitos nos Estados Unidos e agora afeta pa\u00edses da Europa. \u201cFalta vis\u00e3o antecipat\u00f3ria. O desafio deste s\u00e9culo \u00e9 dar resposta \u00e0s crises ambiental e econ\u00f4mica\u201d, diz ela. Para ela, nem Dilma Rousseff, do PT, nem Jos\u00e9 Serra, do PSDB, t\u00eam percep\u00e7\u00e3o para isso.<\/p>\n<table border=\"0\" cellspacing=\"10\" cellpadding=\"10\" width=\"250\" align=\"right\">\n<tbody>\n<tr>\n<td><strong><span style=\"color: #000066;\">\u201cN\u00e3o vou mexer uma v\u00edrgula em meu discurso. Sou a favor da democracia e reconhe\u00e7o a complexidade dessas quest\u00f5es\u201d<\/span><\/strong><br \/>\n<span style=\"font-size: x-small;\"><em>(sobre pol\u00eamicas como aborto e uni\u00e3o de homossexuais)<\/em><\/span><\/td>\n<\/tr>\n<\/tbody>\n<\/table>\n<p>\u201cAs outras candidaturas defendem que o pa\u00eds precisa de um gerente para administrar nosso futuro com os mesmos conceitos do passado. Achamos que isso n\u00e3o basta, penso que devemos ter uma perspectiva estrat\u00e9gica fundada no conceito da sustentabilidade para levar o pa\u00eds ao lugar que lhe compete no s\u00e9culo 21 e garantir bem-estar sustent\u00e1vel \u00e0s pessoas no futuro\u201d, diz ela.<\/p>\n<p>A candidata do PV respondeu por e-mail \u00e0s perguntas do <strong>Congresso em Foco<\/strong>. Leia abaixo a entrevista:<\/p>\n<p><strong>Congresso em Foco &#8211; Na disputa presidencial, h\u00e1 quatro candidatos que j\u00e1 pertenceram ao PT: a senhora, Pl\u00ednio de Arruda Sampaio, Z\u00e9 Maria e Rui Costa Pimenta.\u00a0 A senhora e Pl\u00ednio t\u00eam mais tempo de milit\u00e2ncia no PT que a pr\u00f3pria candidata do partido, Dilma Rousseff. Qual o significado disso?<br \/>\nMarina Silva<\/strong> &#8211; Durante muitos anos, o PT era a op\u00e7\u00e3o preferencial de muitas pessoas que atuavam na sociedade atrav\u00e9s de sindicatos, associa\u00e7\u00f5es, ONGs e movimentos sociais. Era um partido de esquerda que n\u00e3o se alinhava com as formas mais centralizadas de organiza\u00e7\u00e3o, t\u00edpicas dos partidos comunistas e socialistas, e abriu suas portas para a participa\u00e7\u00e3o da sociedade. Por isso, formou lideran\u00e7as pol\u00edticas importantes ao longo de seus 30 anos de exist\u00eancia. Hoje \u00e9 um partido que possui ainda uma grande milit\u00e2ncia, mas organiza-se de forma mais tradicional e pragm\u00e1tica.Muitos sa\u00edram por v\u00e1rios motivos. No meu caso, sa\u00ed do PT porque o partido, assim como os demais partidos<\/p>\n<table border=\"0\" cellspacing=\"0\" cellpadding=\"2\" width=\"250\" align=\"right\">\n<tbody>\n<tr>\n<td><strong><span style=\"color: #000066;\">\u201c57% dos recursos do Minist\u00e9rio da Integra\u00e7\u00e3o Nacional para preven\u00e7\u00e3o de desastres foram para a Bahia; desses, 88% para cidades do partido do ministro. N\u00e3o \u00e9 aceit\u00e1vel essa inger\u00eancia\u201d<\/span><\/strong><br \/>\n<em><span style=\"font-size: x-small;\">(sobre a atua\u00e7\u00e3o do ex-ministro, o candidato a governador da Bahia Geddel Vieira, do PMDB)<\/span><\/em><\/td>\n<\/tr>\n<\/tbody>\n<\/table>\n<p>, n\u00e3o soube incorporar a sustentabilidade como eixo estrat\u00e9gico de formula\u00e7\u00e3o de suas diretrizes e propostas. Acredito que precisamos hoje fazer um grande esfor\u00e7o de reelabora\u00e7\u00e3o de nossos conceitos de atua\u00e7\u00e3o pol\u00edtico-program\u00e1tica, e senti que isso n\u00e3o era poss\u00edvel no PT.<br \/>\n\u00a0<br \/>\n<strong>Quem mudou mais: o PT ou a senhora?<br \/>\n<\/strong>Quando cheguei ao PT, o partido tinha uma vis\u00e3o progressista, mas n\u00e3o foi capaz de integrar a quest\u00e3o da sustentabilidade como uma bandeira estrat\u00e9gica, n\u00e3o foi capaz de atualizar a vis\u00e3o de mundo, enfim, n\u00e3o fez a transi\u00e7\u00e3o para os temas do s\u00e9culo 21. Falta vis\u00e3o antecipat\u00f3ria. O desafio deste s\u00e9culo \u00e9 dar resposta \u00e0s crises ambiental e econ\u00f4mica. Como fomentar o desenvolvimento sem destruir a vida no planeta? Como assegurar qualidade de vida a todos e ao mesmo tempo preservar nosso patrim\u00f4nio ambiental? O presidente Lula quebrou o paradigma de que se precisava crescer para depois distribuir o bolo. Mas isso n\u00e3o \u00e9 suficiente para o Brasil assumir o papel que lhe cabe no cen\u00e1rio global. O PT n\u00e3o percebe isso. N\u00e3o fui capaz de convencer o partido de que a quest\u00e3o do desenvolvimento sustent\u00e1vel \u00e9 estrat\u00e9gica. Por isso entrei no PT pelo mesmo motivo que sa\u00ed: para defender e propagar as causas ambientais.<br \/>\n\u00a0<br \/>\n<strong>O Brasil forma, com pa\u00edses como a China e a \u00cdndia, um grupo de na\u00e7\u00f5es emergentes que come\u00e7a agora a se desenvolver fora do tradicional eixo que sempre beneficiou o Norte. Muitos professam que o pa\u00eds precisa aproveitar ao m\u00e1ximo esse momento de economia para fazer maci\u00e7os investimentos, especialmente em infraestrutura. \u00c9 poss\u00edvel n\u00e3o perder esse atual momento, fazendo os investimentos necess\u00e1rios, sem agredir o ambiente?<br \/>\n<\/strong>No Brasil, a no\u00e7\u00e3o de avan\u00e7o est\u00e1 associada \u00e0 ideia de crescimento econ\u00f4mico sem limite, expressa no aumento do poder de consumo e na constru\u00e7\u00e3o de obras, como estradas, escolas e hospitais que, em que pese suas ineg\u00e1veis import\u00e2ncias, \u00e9 preciso reconhecer que as sociedades mais pr\u00f3speras s\u00e3o e ser\u00e3o aquelas que escolherem investir nas pessoas e na valoriza\u00e7\u00e3o dos recursos naturais que d\u00e3o sustenta\u00e7\u00e3o \u00e0 vida. Vejo a quest\u00e3o da infraestrutura como a base fundamental para a sustenta\u00e7\u00e3o do crescimento econ\u00f4mico. A forma como \u00e9 planejada e constitu\u00edda tem enorme impacto na distribui\u00e7\u00e3o geogr\u00e1fica do desenvolvimento, na qualidade de vida da popula\u00e7\u00e3o e nos impactos ambientais. Na transi\u00e7\u00e3o para uma economia de baixo carbono, o planejamento da infraestrutura deve ter foco em uma infraestrutura que seja eficiente e sustent\u00e1vel no uso dos recursos naturais.Dentre as minhas propostas, quero promover a efici\u00eancia na gest\u00e3o a partir do planejamento e do desenvolvimento das cidades com a integra\u00e7\u00e3o e articula\u00e7\u00e3o de pol\u00edticas para urbaniza\u00e7\u00e3o, saneamento, mobilidade, adapta\u00e7\u00e3o \u00e0s mudan\u00e7as clim\u00e1ticas, prote\u00e7\u00e3o de mananciais, promo\u00e7\u00e3o do desenvolvimento e do bem-estar humano.<br \/>\n\u00a0<br \/>\n<strong>O que, basicamente, diferencia sua candidatura das candidaturas de Dilma e Serra? Como a senhora avalia seus advers\u00e1rios?<br \/>\n<\/strong>Temos propostas distintas para os desafios do Brasil. Enquanto as outras candidaturas defendem que o pa\u00eds precisa de um gerente para administrar nosso futuro com os mesmos conceitos do passado, achamos que isso n\u00e3o basta, penso que devemos ter uma perspectiva estrat\u00e9gica fundada no conceito da sustentabilidade para levar o pa\u00eds ao lugar que lhe compete no s\u00e9culo 21 e garantir bem-estar sustent\u00e1vel \u00e0s pessoas no futuro.J\u00e1 tivemos como presidente um soci\u00f3logo e um oper\u00e1rio. O Brasil est\u00e1 preparado para eleger uma mulher. E seria muito ben\u00e9fico para todos se o olhar e a perspectiva feminina estivessem mais presentes na vida social e, especialmente, nos espa\u00e7os p\u00fablicos, que \u00e9 onde se tomam as decis\u00f5es de interesse coletivo. As mulheres t\u00eam facilidade para conduzir processos mais abertos, mais democr\u00e1ticos, pois apostam no consenso em vez da disputa. E isso, quando transferido para as empresas, sindicatos, associa\u00e7\u00f5es e para o poder p\u00fablico tem uma for\u00e7a transformadora enorme. As mulheres s\u00e3o mais inclusivas, t\u00eam mais capacidade de negocia\u00e7\u00e3o, tendem muito mais ao consenso do que \u00e0 disputa. O Brasil precisa de um sucessor, e n\u00e3o de um continuador ou um opositor.<br \/>\n\u00a0<br \/>\n<strong>Em sua opini\u00e3o, qual \u00e9 o maior problema que precisa ser corrigido hoje no pa\u00eds?<br \/>\n<\/strong>Seguran\u00e7a, sa\u00fade, educa\u00e7\u00e3o. Precisamos colocar em pr\u00e1tica tudo aquilo que a sociedade aprendeu nas \u00faltimas d\u00e9cadas, experimentando a conviv\u00eancia na diversidade, a inven\u00e7\u00e3o de novas maneiras de resolver problemas solidariamente, indo \u00e0 luta \u00e0 margem do Estado para defender direitos, agindo em rede, expandindo e agregando conhecimento sobre novas formas de fazer, produzir, gerar riquezas sem privil\u00e9gios e sem destrui\u00e7\u00e3o do incompar\u00e1vel patrim\u00f4nio natural brasileiro.<br \/>\n\u00a0<br \/>\n<strong>Seus advers\u00e1rios buscam colar na senhora a pecha de pessoa conservadora do ponto de vista dos costumes em raz\u00e3o da sua op\u00e7\u00e3o religiosa. Como a senhora responde a isso?<br \/>\n<\/strong>Posso dizer que nunca fui discriminada por ser mulher ou negra, mas agora, pela primeira vez, estou sentindo um grande peso por ser evang\u00e9lica. Quando os outros pol\u00edticos se dizem contr\u00e1rios ao aborto, o assunto morre ali. Comigo, vira sabatina. Colocam-me r\u00f3tulos de ultraconservadora, de fundamentalista , que n\u00e3o me cabem, pois n\u00e3o vivo \u00e0 margem da modernidade. Voc\u00ea n\u00e3o imagina o mal-estar que isso me traz. Mas n\u00e3o vou mexer uma v\u00edrgula em meu discurso. Sou a favor da democracia e reconhe\u00e7o o grau de complexidade dessas quest\u00f5es. Por isso, eu as submeteria a um plebiscito.<br \/>\n\u00a0<br \/>\n<strong>Nesse caso, al\u00e9m da quest\u00e3o do aborto, que a senhora j\u00e1 mencionou, como a senhora se posicionaria, como presidente, sobre quest\u00f5es como a uni\u00e3o entre homossexuais e as pesquisas com c\u00e9lula-tronco?<br \/>\n<\/strong>Defendo a uni\u00e3o civil de pessoas do mesmo sexo que vivem um relacionamento est\u00e1vel para que seja garantida uma s\u00e9rie de direitos que hoje lhes s\u00e3o negados.\u00a0 Sou favor\u00e1vel ao direito \u00e0 he<\/p>\n<table border=\"0\" cellspacing=\"10\" cellpadding=\"10\" width=\"250\" align=\"right\">\n<tbody>\n<tr>\n<td><strong><span style=\"color: #000066;\">\u201cO Brasil precisa de um sucessor, e n\u00e3o de um continuador ou um opositor\u201d<\/span><\/strong><\/td>\n<\/tr>\n<\/tbody>\n<\/table>\n<p>ran\u00e7a, ao plano de sa\u00fade conjunto, ao acompanhamento em caso de deslocamento para outra cidade para cumprir fun\u00e7\u00e3o p\u00fablica, ao acompanhamento em caso de interna\u00e7\u00e3o, entre outros. Como presidente, trabalharei para que todas as pessoas tenham acesso a pol\u00edticas p\u00fablicas que assegurem condi\u00e7\u00f5es de vida dignas, independente de credo, ra\u00e7a ou condi\u00e7\u00e3o sexual.A respeito da c\u00e9lula-tronco, sou favor\u00e1vel \u00e0 pesquisa com c\u00e9lulas-tronco adultas apenas. H\u00e1 uma discuss\u00e3o no Congresso, na sociedade e tamb\u00e9m na comunidade cient\u00edfica, porque n\u00e3o h\u00e1 unanimidade de que seja preciso ter os mesmos resultados usando c\u00e9lula adulta. Agora, a legisla\u00e7\u00e3o brasileira possibilita os investimentos para todos os tipos de pesquisa. A lei foi aprovada pelo Congresso, todos os \u00f3rg\u00e3os de pesquisa j\u00e1 est\u00e3o garantidos em rela\u00e7\u00e3o a isso. A minha rela\u00e7\u00e3o com a pesquisa cient\u00edfica \u00e9 de apoio e de respeito total.<br \/>\n\u00a0<br \/>\n<strong>H\u00e1 hoje uma discuss\u00e3o no pa\u00eds que coloca em lados opostos o <em>agrobusiness<\/em> e a agricultura familiar. A Confedera\u00e7\u00e3o Nacional da Agricultura diz que o atual governo refor\u00e7a um discurso que coloca os empres\u00e1rios rurais como vil\u00f5es, do ponto de vista ambiental, e considera ser um grande erro dividir a agricultura em dois minist\u00e9rios, o da Agricultura e o do Desenvolvimento Agr\u00e1rio, o que, na vis\u00e3o deles, s\u00f3 refor\u00e7aria preconceitos e equ\u00edvocos. Qual sua posi\u00e7\u00e3o sobre isso?<br \/>\n<\/strong>Em nosso imenso territ\u00f3rio, de oito milh\u00f5es de quil\u00f4metros quadrados, temos diversidades social, cultural, de ecossistemas e, claro, econ\u00f4mica \u2013 a qual deve dialogar e aprender com as diversidades cultural e biol\u00f3gica. Nesse contexto, h\u00e1 espa\u00e7o para o agroneg\u00f3cio e para a agricultura familiar. Em meu programa de governo, proponho integrar numa \u00fanica pol\u00edtica para a agricultura brasileira o agroneg\u00f3cio e a agricultura familiar. Essa pol\u00edtica busca superar a dicotomia ainda existente entre produ\u00e7\u00e3o e preserva\u00e7\u00e3o. Precisamos produzir mais com menos recursos, de forma sustent\u00e1vel social e ambientalmente. E quanto antes fizermos isso, melhor ser\u00e1 para o Brasil economicamente. Nossos produtos precisam ser associados \u00e0 sustentabilidade e \u00e0 responsabilidade social. Podemos ser l\u00edderes de uma nova economia. A disponibilidade de recursos ambientais ser\u00e1 cada vez mais um fator estrat\u00e9gico para nossa inser\u00e7\u00e3o na economia global.<br \/>\n\u00a0<br \/>\n<strong>Depois da malograda discuss\u00e3o de uma eventual alian\u00e7a da senhora com o Psol, os partidos de esquerda agora repetem que a sua candidatura mant\u00e9m os v\u00edcios dos partidos conservadores. E cita o fato de a senhora ter como companheiro de chapa um grande empres\u00e1rio, Guilherme Leal, dono da Natura. Ele seria seu Jos\u00e9 Alencar, dizem. Como a senhora responde a isso?<br \/>\n<\/strong>O Guilherme Leal est\u00e1 nesse projeto pelo que ele representa. Ele \u00e9 um empres\u00e1rio que, fazendo a coisa certa dos pontos de vista social e ambiental, conseguiu os resultados certos do ponto de vista econ\u00f4mico. Obviamente, ele agrega mobilizando aqueles que t\u00eam uma vis\u00e3o de vanguarda para investir nesse projeto.<br \/>\n\u00a0<br \/>\n<strong>Projeto discutido desde o s\u00e9culo XIX, a transposi\u00e7\u00e3o das \u00e1guas do rio S\u00e3o Francisco retornou no governo Lula. Muitos consideram que o impacto ambiental n\u00e3o justifica a obra. Qual a sua opini\u00e3o sobre a transposi\u00e7\u00e3o?<br \/>\n<\/strong>Posso afirmar com seguran\u00e7a que a transposi\u00e7\u00e3o do S\u00e3o Francisco \u00e9 vi\u00e1vel ambientalmente, pois a Licen\u00e7a Pr\u00e9via foi dada em minha gest\u00e3o. A transposi\u00e7\u00e3o do Rio S\u00e3o Francisco \u00e9 um projeto de alta complexidade, discutido \u00e0 exaust\u00e3o, com resultados concretos e readequa\u00e7\u00e3o do projeto durante o seu licenciamento. Fizemos um grande esfor\u00e7o para chegar a esse resultado. Antes de conceder a licen\u00e7a, elaboramos o Plano de Gest\u00e3o da bacia, propusemos que a vaz\u00e3o m\u00e9dia no canal fosse reduzida e que s\u00f3 houvesse retirada de \u00e1gua do rio se a barragem de Sobradinho estivesse vertendo. Constru\u00edmos um amplo programa de revitaliza\u00e7\u00e3o da bacia, com a\u00e7\u00f5es de saneamento, recomposi\u00e7\u00e3o de matas ciliares, repovoamento do rio com esp\u00e9cies nativas de peixes e outras a\u00e7\u00f5es voltadas \u00e0 melhoria das condi\u00e7\u00f5es da bacia.<\/p>\n<table border=\"0\" cellspacing=\"10\" cellpadding=\"10\" width=\"250\" align=\"right\">\n<tbody>\n<tr>\n<td><strong><span style=\"color: #000066;\">\u201c\u00c9 necess\u00e1rio que a revitaliza\u00e7\u00e3o e as condi\u00e7\u00f5es sejam cumpridas para termos \u00e1gua dispon\u00edvel para o semi-\u00e1rido e para a bacia doadora\u201d<\/span><br \/>\n<\/strong><em><span style=\"font-size: x-small;\">(sobre a Transposi\u00e7\u00e3o do S\u00e3o Francisco)<\/span><\/em><\/td>\n<\/tr>\n<\/tbody>\n<\/table>\n<p>Um bom exemplo de atua\u00e7\u00e3o na promo\u00e7\u00e3o do desenvolvimento com responsabilidade.Mas \u00e9 necess\u00e1rio que as a\u00e7\u00f5es do programa de revitaliza\u00e7\u00e3o sejam efetivamente implementadas e que as condicionantes da licen\u00e7a pr\u00e9via e de instala\u00e7\u00e3o sejam cumpridas para que tenhamos \u00e1gua dispon\u00edvel para o semi-\u00e1rido e para a bacia doadora.<br \/>\n\u00a0<br \/>\n<strong>As mudan\u00e7as clim\u00e1ticas provocadas pelo aquecimento global j\u00e1 come\u00e7am a ficar evidentes. As cheias em S\u00e3o Paulo, Santa Catarina, Alagoas e Pernambuco s\u00e3o exemplos disso. Que a\u00e7\u00f5es o governo federal pode fazer para minorar esse problema?<br \/>\n<\/strong>Temos v\u00e1rias propostas para dar respostas mais eficazes aos desastres e implantar uma pol\u00edtica de preven\u00e7\u00e3o. Para isso, vamos implantar um Sistema Nacional de Alerta de Desastres Naturais que seja capaz de antecipar e prever os chamados eventos extremos (tempestades, secas, geadas); regulamentar a Lei de Mudan\u00e7as Clim\u00e1ticas; criar a Ag\u00eancia Nacional de Clima. Tamb\u00e9m pretendemos reestruturar e fortalecer o Sistema Nacional de Defesa Civil, com a cria\u00e7\u00e3o da carreira de agente da Defesa Civil. \u00c9 importante tamb\u00e9m reativar o Fundo Nacional de Defesa Civil. A participa\u00e7\u00e3o democr\u00e1tica \u00e9 fundamental para a resposta e preven\u00e7\u00e3o a esse grave problema. Por isso, apoiamos a cria\u00e7\u00e3o de Conselhos de Defesa Civil, al\u00e9m de colocar em pr\u00e1tica tudo que foi definido na 1\u00aa Confer\u00eancia Nacional de Defesa Civil.Queremos tamb\u00e9m garantir transpar\u00eancia e isonomia nesse processo. Verificamos que 57% dos recursos do Minist\u00e9rio da Integra\u00e7\u00e3o Nacional para preven\u00e7\u00e3o de desastres foram para o Estado da Bahia, e desses recursos, 88% foram para cidades governadas pelo partido do Ministro \u00e0 \u00e9poca. N\u00e3o \u00e9 aceit\u00e1vel esse tipo de inger\u00eancia ou disputa pol\u00edtica em situa\u00e7\u00f5es como essas. <em>Do Congresso em Foco<\/em><\/p>\n","protected":false},"excerpt":{"rendered":"<p>A candidata do PV \u00e0 Presid\u00eancia da Rep\u00fablica, Marina Silva, \u00e9 mulher. \u00c9 negra. Foi analfabeta at\u00e9 os 16 anos. Quando crian\u00e7a, vivia no meio da floresta amaz\u00f4nica. Foi empregada dom\u00e9stica. Nesta entrevista ao Congresso em Foco, ela garante que nenhuma dessas circunst\u00e2ncias da sua vida a fizeram ser v\u00edtima de preconceito. Agora, na disputa pela sucess\u00e3o do presidente Lula, Marina diz sentir pela primeira vez discrimina\u00e7\u00e3o. Por nenhuma das raz\u00f5es descritas acima, mas por sua op\u00e7\u00e3o religiosa. Marina se diz discriminada pelo fato de ser evang\u00e9lica, mission\u00e1ria da Assembleia de Deus. Para Marina, isso tem sido usado para tentar&#8230;<\/p>\n","protected":false},"author":2,"featured_media":0,"comment_status":"open","ping_status":"open","sticky":false,"template":"","format":"standard","meta":{"footnotes":"","_links_to":"","_links_to_target":""},"categories":[6],"tags":[],"class_list":["post-17963","post","type-post","status-publish","format-standard","hentry","category-noticias"],"acf":[],"views":1190,"_links":{"self":[{"href":"https:\/\/www.walcordeiro.com.br\/v1\/wp-json\/wp\/v2\/posts\/17963","targetHints":{"allow":["GET"]}}],"collection":[{"href":"https:\/\/www.walcordeiro.com.br\/v1\/wp-json\/wp\/v2\/posts"}],"about":[{"href":"https:\/\/www.walcordeiro.com.br\/v1\/wp-json\/wp\/v2\/types\/post"}],"author":[{"embeddable":true,"href":"https:\/\/www.walcordeiro.com.br\/v1\/wp-json\/wp\/v2\/users\/2"}],"replies":[{"embeddable":true,"href":"https:\/\/www.walcordeiro.com.br\/v1\/wp-json\/wp\/v2\/comments?post=17963"}],"version-history":[{"count":1,"href":"https:\/\/www.walcordeiro.com.br\/v1\/wp-json\/wp\/v2\/posts\/17963\/revisions"}],"predecessor-version":[{"id":17964,"href":"https:\/\/www.walcordeiro.com.br\/v1\/wp-json\/wp\/v2\/posts\/17963\/revisions\/17964"}],"wp:attachment":[{"href":"https:\/\/www.walcordeiro.com.br\/v1\/wp-json\/wp\/v2\/media?parent=17963"}],"wp:term":[{"taxonomy":"category","embeddable":true,"href":"https:\/\/www.walcordeiro.com.br\/v1\/wp-json\/wp\/v2\/categories?post=17963"},{"taxonomy":"post_tag","embeddable":true,"href":"https:\/\/www.walcordeiro.com.br\/v1\/wp-json\/wp\/v2\/tags?post=17963"}],"curies":[{"name":"wp","href":"https:\/\/api.w.org\/{rel}","templated":true}]}}