{"id":17869,"date":"2010-08-24T14:38:07","date_gmt":"2010-08-24T17:38:07","guid":{"rendered":"http:\/\/www.walcordeiro.com.br\/v1\/?p=17869"},"modified":"2010-08-24T14:38:07","modified_gmt":"2010-08-24T17:38:07","slug":"semana-promove-inclusao-de-deficientes-em-vitoria-da-conquista","status":"publish","type":"post","link":"https:\/\/www.walcordeiro.com.br\/v1\/2010\/08\/24\/semana-promove-inclusao-de-deficientes-em-vitoria-da-conquista\/","title":{"rendered":"Semana promove inclus\u00e3o de deficientes em Vit\u00f3ria da Conquista"},"content":{"rendered":"<p><em><strong>Por Poliana Bomfim\/Tribuna da Conquista<br \/>\n<\/strong><\/em><\/p>\n<p><strong><img loading=\"lazy\" decoding=\"async\" src=\"http:\/\/mossoro.apaebrasil.org.br\/foto.phtml\/195167\/g\/imagem.jpg\" alt=\"\" width=\"384\" height=\"137\" \/><\/strong><\/p>\n<p>Desde o \u00faltimo s\u00e1bado, 21, vem sendo realizada em todo o pa\u00eds mais uma Semana Nacional da Pessoa com Defici\u00eancia Intelectual e M\u00faltipla, sob a promo\u00e7\u00e3o da Apae.<\/p>\n<p>Criado em 1964, o evento tem por objetivo conscientizar a popula\u00e7\u00e3o e o governo para garantir direitos aos deficientes.<\/p>\n<p>Em Vit\u00f3ria da Conquista, o evento teve in\u00edcio nesta segunda-feira, 23, e est\u00e1 com uma s\u00e9rie de atividades.<!--more--><\/p>\n<p>Com o tema \u201cAutogest\u00e3o e autodefensores: Conquistando caminhos para ser e conviver\u201d, a Apae estar\u00e1 realizando um interc\u00e2mbio com as escolas p\u00fablicas da rede regular, um passeio ao Sesc, e uma exposi\u00e7\u00e3o do trabalho que \u00e9 desenvolvido na Apae, al\u00e9m de apresenta\u00e7\u00f5es culturais de teatro, dan\u00e7a e coral da institui\u00e7\u00e3o.<\/p>\n<p>A Semana ocorre at\u00e9 a pr\u00f3xima sexta-feira, 27.<\/p>\n","protected":false},"excerpt":{"rendered":"<p>Por Poliana Bomfim\/Tribuna da Conquista Desde o \u00faltimo s\u00e1bado, 21, vem sendo realizada em todo o pa\u00eds mais uma Semana Nacional da Pessoa com Defici\u00eancia Intelectual e M\u00faltipla, sob a promo\u00e7\u00e3o da Apae. Criado em 1964, o evento tem por objetivo conscientizar a popula\u00e7\u00e3o e o governo para garantir direitos aos deficientes. Em Vit\u00f3ria da Conquista, o evento teve in\u00edcio nesta segunda-feira, 23, e est\u00e1 com uma s\u00e9rie de atividades.<\/p>\n","protected":false},"author":2,"featured_media":0,"comment_status":"open","ping_status":"open","sticky":false,"template":"","format":"standard","meta":{"footnotes":"","_links_to":"","_links_to_target":""},"categories":[6],"tags":[],"class_list":["post-17869","post","type-post","status-publish","format-standard","hentry","category-noticias"],"acf":[],"views":602,"_links":{"self":[{"href":"https:\/\/www.walcordeiro.com.br\/v1\/wp-json\/wp\/v2\/posts\/17869","targetHints":{"allow":["GET"]}}],"collection":[{"href":"https:\/\/www.walcordeiro.com.br\/v1\/wp-json\/wp\/v2\/posts"}],"about":[{"href":"https:\/\/www.walcordeiro.com.br\/v1\/wp-json\/wp\/v2\/types\/post"}],"author":[{"embeddable":true,"href":"https:\/\/www.walcordeiro.com.br\/v1\/wp-json\/wp\/v2\/users\/2"}],"replies":[{"embeddable":true,"href":"https:\/\/www.walcordeiro.com.br\/v1\/wp-json\/wp\/v2\/comments?post=17869"}],"version-history":[{"count":2,"href":"https:\/\/www.walcordeiro.com.br\/v1\/wp-json\/wp\/v2\/posts\/17869\/revisions"}],"predecessor-version":[{"id":17871,"href":"https:\/\/www.walcordeiro.com.br\/v1\/wp-json\/wp\/v2\/posts\/17869\/revisions\/17871"}],"wp:attachment":[{"href":"https:\/\/www.walcordeiro.com.br\/v1\/wp-json\/wp\/v2\/media?parent=17869"}],"wp:term":[{"taxonomy":"category","embeddable":true,"href":"https:\/\/www.walcordeiro.com.br\/v1\/wp-json\/wp\/v2\/categories?post=17869"},{"taxonomy":"post_tag","embeddable":true,"href":"https:\/\/www.walcordeiro.com.br\/v1\/wp-json\/wp\/v2\/tags?post=17869"}],"curies":[{"name":"wp","href":"https:\/\/api.w.org\/{rel}","templated":true}]}}