{"id":17543,"date":"2010-08-19T09:33:18","date_gmt":"2010-08-19T12:33:18","guid":{"rendered":"http:\/\/www.walcordeiro.com.br\/v1\/?p=17543"},"modified":"2010-08-19T09:33:18","modified_gmt":"2010-08-19T12:33:18","slug":"agenda-dos-presidenciaveis-para-hoje-19","status":"publish","type":"post","link":"https:\/\/www.walcordeiro.com.br\/v1\/2010\/08\/19\/agenda-dos-presidenciaveis-para-hoje-19\/","title":{"rendered":"Agenda dos presidenci\u00e1veis para hoje (19)"},"content":{"rendered":"<p><strong>DILMA ROUSSEFF (PT):<\/strong> Visita a sede da Confer\u00eancia Nacional dos Bispos do Brasil (CNBB), \u00e0s 10h, em Bras\u00edlia.<\/p>\n<p><strong>IVAN PINHEIRO (PCB):<\/strong> Ao meio-dia, almo\u00e7a com apoiadores da candidatura, em Manaus. Depois, \u00e0s 15h, viaja para o Rio de Janeiro.<\/p>\n<p><strong>JOS\u00c9 MARIA EYMAEL (PSDC):<\/strong> Permanece em S\u00e3o Paula durante toda a semana para grava\u00e7\u00e3o de programa eleitoral e reuni\u00f5es com equipe de campanha.<\/p>\n<p><strong>JOS\u00c9 SERRA (PSDB):<\/strong> Participa do 8\u00ba Congresso Brasileiro de Jornais, \u00e0s 12h30, no Windsor Barra Hotel, no Rio de Janeiro.<\/p>\n<p><strong>LEVY FIDELIX (PRTB):<\/strong> Estar\u00e1 em S\u00e3o Paulo, onde visita, \u00e0s 14h, bases eleitorais e depois faz reuni\u00e3o na sede do partido, \u00e0s 17h. De manh\u00e3, concede entrevista \u00e0 R\u00e1dio Giga (10h) e se re\u00fane com os presidentes do PRP e PSDC, ao meio-dia.<\/p>\n<p><strong>MARINA SILVA (PV):<\/strong> Participa da abertura do preg\u00e3o da BM&amp;FBovespa, \u00e0s 10h, em S\u00e3o Paulo. Em seguida, concede entrevista coletiva.<\/p>\n<p><strong>PL\u00cdNIO SAMPAIO (P-SOL):<\/strong> Grava o programa Bola da Vez do ESPN Brasil, \u00e0s 9h, no est\u00fadio emissora, em S\u00e3o Paulo. \u00c0s 11h, grava programas para seu <em>site<\/em>. \u00c0 tarde, concede entrevistas, por telefone, \u00e0s r\u00e1dios SulAm\u00e9rica Tr\u00e2nsito (14h30) e Cabo Branco FM, de Jo\u00e3o Pessoa (15h30).<\/p>\n<p><strong>RUI PIMENTA (PCO):<\/strong> \u00c0s 11h, participa de reuni\u00e3o para organizar a atividade que acontecer\u00e1 a partir de sexta-feira, dia 20, sobre os 70 anos do assassinato de Leon Tr\u00f3tski, da qual participar\u00e1 como palestrante. O objetivo \u00e9 discutir temas ligados \u00e0 vida e \u00e0 obra do revolucion\u00e1rio russo.<\/p>\n<p><strong>Z\u00c9 MARIA (PSTU):<\/strong> Cumpre agenda em Bel\u00e9m. Ao meio-dia, participa de panfletagem em obras da capital e, \u00e0s 14h, concede entrevista \u00e0 imprensa. \u00c0s 18h, acompanha a assembleia dos trabalhadores da constru\u00e7\u00e3o civil de Bel\u00e9m.<\/p>\n","protected":false},"excerpt":{"rendered":"<p>DILMA ROUSSEFF (PT): Visita a sede da Confer\u00eancia Nacional dos Bispos do Brasil (CNBB), \u00e0s 10h, em Bras\u00edlia. IVAN PINHEIRO (PCB): Ao meio-dia, almo\u00e7a com apoiadores da candidatura, em Manaus. Depois, \u00e0s 15h, viaja para o Rio de Janeiro. JOS\u00c9 MARIA EYMAEL (PSDC): Permanece em S\u00e3o Paula durante toda a semana para grava\u00e7\u00e3o de programa eleitoral e reuni\u00f5es com equipe de campanha. JOS\u00c9 SERRA (PSDB): Participa do 8\u00ba Congresso Brasileiro de Jornais, \u00e0s 12h30, no Windsor Barra Hotel, no Rio de Janeiro. LEVY FIDELIX (PRTB): Estar\u00e1 em S\u00e3o Paulo, onde visita, \u00e0s 14h, bases eleitorais e depois faz reuni\u00e3o na&#8230;<\/p>\n","protected":false},"author":2,"featured_media":0,"comment_status":"open","ping_status":"open","sticky":false,"template":"","format":"standard","meta":{"footnotes":"","_links_to":"","_links_to_target":""},"categories":[6],"tags":[],"class_list":["post-17543","post","type-post","status-publish","format-standard","hentry","category-noticias"],"acf":[],"views":501,"_links":{"self":[{"href":"https:\/\/www.walcordeiro.com.br\/v1\/wp-json\/wp\/v2\/posts\/17543","targetHints":{"allow":["GET"]}}],"collection":[{"href":"https:\/\/www.walcordeiro.com.br\/v1\/wp-json\/wp\/v2\/posts"}],"about":[{"href":"https:\/\/www.walcordeiro.com.br\/v1\/wp-json\/wp\/v2\/types\/post"}],"author":[{"embeddable":true,"href":"https:\/\/www.walcordeiro.com.br\/v1\/wp-json\/wp\/v2\/users\/2"}],"replies":[{"embeddable":true,"href":"https:\/\/www.walcordeiro.com.br\/v1\/wp-json\/wp\/v2\/comments?post=17543"}],"version-history":[{"count":1,"href":"https:\/\/www.walcordeiro.com.br\/v1\/wp-json\/wp\/v2\/posts\/17543\/revisions"}],"predecessor-version":[{"id":17544,"href":"https:\/\/www.walcordeiro.com.br\/v1\/wp-json\/wp\/v2\/posts\/17543\/revisions\/17544"}],"wp:attachment":[{"href":"https:\/\/www.walcordeiro.com.br\/v1\/wp-json\/wp\/v2\/media?parent=17543"}],"wp:term":[{"taxonomy":"category","embeddable":true,"href":"https:\/\/www.walcordeiro.com.br\/v1\/wp-json\/wp\/v2\/categories?post=17543"},{"taxonomy":"post_tag","embeddable":true,"href":"https:\/\/www.walcordeiro.com.br\/v1\/wp-json\/wp\/v2\/tags?post=17543"}],"curies":[{"name":"wp","href":"https:\/\/api.w.org\/{rel}","templated":true}]}}