{"id":17396,"date":"2010-08-17T14:13:09","date_gmt":"2010-08-17T17:13:09","guid":{"rendered":"http:\/\/www.walcordeiro.com.br\/v1\/?p=17396"},"modified":"2010-08-17T14:13:09","modified_gmt":"2010-08-17T17:13:09","slug":"arrecadacao-soma-r-679-bilhoes-em-julho-e-bate-novo-recorde","status":"publish","type":"post","link":"https:\/\/www.walcordeiro.com.br\/v1\/2010\/08\/17\/arrecadacao-soma-r-679-bilhoes-em-julho-e-bate-novo-recorde\/","title":{"rendered":"Arrecada\u00e7\u00e3o soma R$ 67,9 bilh\u00f5es em julho e bate novo recorde"},"content":{"rendered":"<p><strong><em>Estad\u00e3o<\/em><\/strong><\/p>\n<p>A arrecada\u00e7\u00e3o de impostos e contribui\u00e7\u00f5es federais somou, em julho, R$ 67,973 bilh\u00f5es, de acordo com dados divulgados pela Receita Federal nesta ter\u00e7a-feira, 17.\u00a0A arrecada\u00e7\u00e3o do m\u00eas de julho representou mais um recorde neste ano, em que todos os meses a marca foi quebrada.<\/p>\n<p>O resultado foi 10,54% superior a junho deste ano (em ternos reais considerando o IPCA) e representou alta (real) de 10,76% em compara\u00e7\u00e3o com julho de 2009.<\/p>\n<p>A arrecada\u00e7\u00e3o administrada pela Receita Federal em julho somou R$ 64,213 bilh\u00f5es, com alta (real) de 6,64% ante junho e 10,16% sobre julho de 2009. As demais receitas totalizaram R$ 3,759 bilh\u00f5es, com alta real de 194,3% ante junho e 22,01% sobre julho de 2009.<!--more--><\/p>\n<p>A arrecada\u00e7\u00e3o da Receita nos sete primeiros meses do ano j\u00e1 \u00e9 R$ 67,416 bilh\u00f5es maior do que o registrado no mesmo per\u00edodo do ano passado. Segundo dados divulgados pela Receita, a arrecada\u00e7\u00e3o no per\u00edodo aumentou de R$ 380,048 bilh\u00f5es (janeiro a julho de 2009) para R$ 447,464 bilh\u00f5es (janeiro a julho de 2010), alta real de 12,22%. Levando-se em conta a corre\u00e7\u00e3o da infla\u00e7\u00e3o pelo IPCA, a arrecada\u00e7\u00e3o teve um aumento no per\u00edodo de R$ 49,093 bilh\u00f5es.<\/p>\n<p><strong>Vendas, ind\u00fastria e massa salarial puxam arrecada\u00e7\u00e3o<\/strong><\/p>\n<p>Segundo a Receita, a arrecada\u00e7\u00e3o no ano \u00e9 puxada pelo crescimento do volume geral de vendas (14,5%), o aumento da produ\u00e7\u00e3o industrial (16,54%) e da massa salarial (11,32%). A maior contribui\u00e7\u00e3o para o aumento da arrecada\u00e7\u00e3o foi o crescimento da receita com Cofins e PIS\/Pasep, que nos sete primeiros meses deste ano cresceu R$ 14,057 bilh\u00f5es. Esses tributos incidem sobre o faturamento da empresa e \u00e9 considerado um term\u00f4metro do ritmo da atividade econ\u00f4mica.<\/p>\n<p>Em seguida, a arrecada\u00e7\u00e3o que mais contribuiu foi das contribui\u00e7\u00f5es previdenci\u00e1rias, que teve um aumento de R$ 11,584 bilh\u00f5es no acumulado do ano at\u00e9 julho. Por outro lado, a arrecada\u00e7\u00e3o do IRPJ e da Contribui\u00e7\u00e3o Social sobre Lucro L\u00edquido (CSLL), tributos que incidem sobre o lucro das empresas, est\u00e1 menor em R$ 643 milh\u00f5es do que no mesmo per\u00edodo do ano passado.<\/p>\n<p><strong>Arrecada\u00e7\u00e3o previdenci\u00e1ria foi a que mais cresceu em julho<\/strong><\/p>\n<p>A arrecada\u00e7\u00e3o da Receita Previdenci\u00e1ria foi a que mais cresceu em valor financeiro em julho, na compara\u00e7\u00e3o com julho de 2009 (j\u00e1 corrigido pelo IPCA). De acordo com os dados da Receita Federal, esse tributo no m\u00eas passado arrecadou R$ 18,589 bilh\u00f5es, com alta de R$ 2,068 bilh\u00f5es na compara\u00e7\u00e3o com julho de 2009. Em termos porcentuais, a varia\u00e7\u00e3o foi de 12,52%.<\/p>\n<p>No acumulado do ano, a arrecada\u00e7\u00e3o previdenci\u00e1ria foi a segunda que mais aumentou em valores financeiros: R$ 11,584 bilh\u00f5es, ou 10,17% em termos reais. Segundo o subsecret\u00e1rio de tributa\u00e7\u00e3o e contencioso, Sandro Serpa, a alta da arrecada\u00e7\u00e3o desse tributo se deve \u00e0 eleva\u00e7\u00e3o da massa salarial neste ano, que reflete a gera\u00e7\u00e3o de empregos e o aumento na renda.<\/p>\n<p><strong>Receita tomar\u00e1 medidas para manter arrecada\u00e7\u00e3o em &#8216;n\u00edvel adequado&#8217; <\/strong><\/p>\n<p>O subsecret\u00e1rio de Tributa\u00e7\u00e3o da Receita Federal, Sandro Serpa, afirmou, h\u00e1 pouco, que medidas continuar\u00e3o sendo tomadas para manter a arrecada\u00e7\u00e3o de tributos e contribui\u00e7\u00f5es federais em &#8220;n\u00edvel adequado&#8221;. Ao comentar o resultado da arrecada\u00e7\u00e3o em julho, o secret\u00e1rio sinalizou em v\u00e1rios momentos que a Receita vai trabalhar at\u00e9 o final do ano para que o crescimento da arrecada\u00e7\u00e3o das receitas administradas n\u00e3o fique abaixo de 10%. &#8220;O secret\u00e1rio Otac\u00edlio Cartaxo j\u00e1 disse que a casa trabalha para que a arrecada\u00e7\u00e3o se mantenha estabilizada entre 10% e 12%&#8221;, disse Serpa.<\/p>\n<p>Segundo ele, medidas na \u00e1rea de &#8220;fiscaliza\u00e7\u00e3o, arrecada\u00e7\u00e3o e tributa\u00e7\u00e3o&#8221; continuar\u00e3o sendo tomadas para que a arrecada\u00e7\u00e3o sem mantenha com bons resultados. Ele n\u00e3o especificou nenhuma medida que poder\u00e1 ser adotada at\u00e9 o final do ano. Mas citou entre as medidas passadas a nova sistem\u00e1tica mais r\u00edgida para as empresas solicitarem pedidos de compensa\u00e7\u00e3o de tributos e a cria\u00e7\u00e3o de duas delegacias voltadas para os maiores contribuintes pessoas jur\u00eddicas e delegacia de grandes contribuintes pessoas f\u00edsicas que ainda ser\u00e1 criada pela Receita, como antecipou a Ag\u00eancia Estado h\u00e1 dois meses.<\/p>\n<p>O subsecret\u00e1rio enfatizou tamb\u00e9m, em v\u00e1rios momentos da entrevista, que at\u00e9 agora o processo de desacelera\u00e7\u00e3o do ritmo de crescimento da economia ainda n\u00e3o foi sentido na arrecada\u00e7\u00e3o de tributos. O impacto da atividade econ\u00f4mica na arrecada\u00e7\u00e3o, disse ele, leva mais tempo para ser sentido e \u00e9 diferente para cada tributo, pois eles t\u00eam sistem\u00e1tica de cobran\u00e7a e prazos de pagamentos diferentes.<\/p>\n<p>&#8220;Estamos acompanhando o comportamento da economia e temos estudado o seu efeito na arrecada\u00e7\u00e3o. A arrecada\u00e7\u00e3o at\u00e9 o momento n\u00e3o sentiu o efeito da desacelera\u00e7\u00e3o&#8221;, disse. Na sua avalia\u00e7\u00e3o, a arrecada\u00e7\u00e3o tem sentido as consequ\u00eancias do aperto da fiscaliza\u00e7\u00e3o e do fechamento de brechas na legisla\u00e7\u00e3o tomadas desde o final do ano passado. &#8220;A vari\u00e1vel mais importante na arrecada\u00e7\u00e3o \u00e9 a atividade econ\u00f4mica, mas existem outros fatores como fiscaliza\u00e7\u00e3o, simplifica\u00e7\u00e3o e fechamento de brechas&#8221;, ponderou.<\/p>\n","protected":false},"excerpt":{"rendered":"<p>Estad\u00e3o A arrecada\u00e7\u00e3o de impostos e contribui\u00e7\u00f5es federais somou, em julho, R$ 67,973 bilh\u00f5es, de acordo com dados divulgados pela Receita Federal nesta ter\u00e7a-feira, 17.\u00a0A arrecada\u00e7\u00e3o do m\u00eas de julho representou mais um recorde neste ano, em que todos os meses a marca foi quebrada. O resultado foi 10,54% superior a junho deste ano (em ternos reais considerando o IPCA) e representou alta (real) de 10,76% em compara\u00e7\u00e3o com julho de 2009. A arrecada\u00e7\u00e3o administrada pela Receita Federal em julho somou R$ 64,213 bilh\u00f5es, com alta (real) de 6,64% ante junho e 10,16% sobre julho de 2009. As demais receitas&#8230;<\/p>\n","protected":false},"author":2,"featured_media":0,"comment_status":"open","ping_status":"open","sticky":false,"template":"","format":"standard","meta":{"footnotes":"","_links_to":"","_links_to_target":""},"categories":[6],"tags":[],"class_list":["post-17396","post","type-post","status-publish","format-standard","hentry","category-noticias"],"acf":[],"views":614,"_links":{"self":[{"href":"https:\/\/www.walcordeiro.com.br\/v1\/wp-json\/wp\/v2\/posts\/17396","targetHints":{"allow":["GET"]}}],"collection":[{"href":"https:\/\/www.walcordeiro.com.br\/v1\/wp-json\/wp\/v2\/posts"}],"about":[{"href":"https:\/\/www.walcordeiro.com.br\/v1\/wp-json\/wp\/v2\/types\/post"}],"author":[{"embeddable":true,"href":"https:\/\/www.walcordeiro.com.br\/v1\/wp-json\/wp\/v2\/users\/2"}],"replies":[{"embeddable":true,"href":"https:\/\/www.walcordeiro.com.br\/v1\/wp-json\/wp\/v2\/comments?post=17396"}],"version-history":[{"count":1,"href":"https:\/\/www.walcordeiro.com.br\/v1\/wp-json\/wp\/v2\/posts\/17396\/revisions"}],"predecessor-version":[{"id":17397,"href":"https:\/\/www.walcordeiro.com.br\/v1\/wp-json\/wp\/v2\/posts\/17396\/revisions\/17397"}],"wp:attachment":[{"href":"https:\/\/www.walcordeiro.com.br\/v1\/wp-json\/wp\/v2\/media?parent=17396"}],"wp:term":[{"taxonomy":"category","embeddable":true,"href":"https:\/\/www.walcordeiro.com.br\/v1\/wp-json\/wp\/v2\/categories?post=17396"},{"taxonomy":"post_tag","embeddable":true,"href":"https:\/\/www.walcordeiro.com.br\/v1\/wp-json\/wp\/v2\/tags?post=17396"}],"curies":[{"name":"wp","href":"https:\/\/api.w.org\/{rel}","templated":true}]}}