{"id":15456,"date":"2010-07-13T17:21:03","date_gmt":"2010-07-13T20:21:03","guid":{"rendered":"http:\/\/www.walcordeiro.com.br\/v1\/?p=15456"},"modified":"2010-07-13T17:21:03","modified_gmt":"2010-07-13T20:21:03","slug":"passaredo-comeca-a-operar-com-novo-jato-em-vitoria-da-conquista-e-anuncia-novos-voos-partindo-da-cidade","status":"publish","type":"post","link":"https:\/\/www.walcordeiro.com.br\/v1\/2010\/07\/13\/passaredo-comeca-a-operar-com-novo-jato-em-vitoria-da-conquista-e-anuncia-novos-voos-partindo-da-cidade\/","title":{"rendered":"PASSAREDO COME\u00c7A A OPERAR COM NOVO JATO EM VIT\u00d3RIA DA CONQUISTA E ANUNCIA NOVOS VOOS PARTINDO DA CIDADE"},"content":{"rendered":"<p>A Passaredo Linhas A\u00e9reas, empresa de atua\u00e7\u00e3o regional, come\u00e7a a operar no pr\u00f3ximo dia 19 de julho, com jatos Embraer 145 na cidade de Vit\u00f3ria da Conquista. Al\u00e9m da nova aeronave que tem capacidade para 50 passageiros, a empresa ir\u00e1 oferecer dois novos voos partindo da cidade baiana. Um com destino \u00e0 capital paulista \u2013 S\u00e3o Paulo (GRU) \u2013 e outro para a cidade de S\u00e3o Jos\u00e9 do Rio Preto (SP).<\/p>\n<p>\u201cA substitui\u00e7\u00e3o da aeronave e este novo voo direto refor\u00e7a o nosso compromisso com a cidade, que sempre nos mostrou ter um grande potencial\u201d, afirma Ricardo Cagno, diretor comercial da Passaredo Linhas A\u00e9reas.<\/p>\n<p>Grandes expectativas<br \/>\nA empresa dobrou seu faturamento em 2009, em rela\u00e7\u00e3o a 2008 e a previs\u00e3o \u00e9 dobrar tamb\u00e9m em 2010 em rela\u00e7\u00e3o a 2009.<!--more--><br \/>\n\u201cA substitui\u00e7\u00e3o dessa aeronave e o lan\u00e7amento de novos voos faz parte do nosso plano de expans\u00e3o para 2010. Sempre soubemos do potencial da cidade e est\u00e1vamos aguardando a chegada desses novos jatos para substituir os trbo\u00e9lices e oferecer uma aeronave com maior conforto e capacidade para mais passageiros de Vit\u00f3ria\u201d, completa Ricardo Cagno.<\/p>\n<p>Passaredo Linhas A\u00e9reas<br \/>\nA Passaredo Linhas A\u00e9reas voa hoje com uma frota 100% nacional para 20 destinos; Uberl\u00e2ndia, Goi\u00e2nia, Cuiab\u00e1, Bras\u00edlia, Barreiras, Salvador, Vit\u00f3ria da Conquista, S\u00e3o Paulo, Rio de Janeiro, Curitiba, Belo Horizonte, S\u00e3o Jos\u00e9 do Rio Preto, Ji-Paran\u00e1, Mar\u00edlia, Presidente Prudente, Bauru, Porto Alegre, Recife, Palmas e Ribeir\u00e3o Preto.<\/p>\n<p>Atendimento a imprensa<br \/>\nPh\u00e1brica de Id\u00e9ias<br \/>\n(16)3911-3606 (16)3911-3606<\/p>\n","protected":false},"excerpt":{"rendered":"<p>A Passaredo Linhas A\u00e9reas, empresa de atua\u00e7\u00e3o regional, come\u00e7a a operar no pr\u00f3ximo dia 19 de julho, com jatos Embraer 145 na cidade de Vit\u00f3ria da Conquista. Al\u00e9m da nova aeronave que tem capacidade para 50 passageiros, a empresa ir\u00e1 oferecer dois novos voos partindo da cidade baiana. Um com destino \u00e0 capital paulista \u2013 S\u00e3o Paulo (GRU) \u2013 e outro para a cidade de S\u00e3o Jos\u00e9 do Rio Preto (SP). \u201cA substitui\u00e7\u00e3o da aeronave e este novo voo direto refor\u00e7a o nosso compromisso com a cidade, que sempre nos mostrou ter um grande potencial\u201d, afirma Ricardo Cagno, diretor comercial&#8230;<\/p>\n","protected":false},"author":2,"featured_media":0,"comment_status":"open","ping_status":"open","sticky":false,"template":"","format":"standard","meta":{"footnotes":"","_links_to":"","_links_to_target":""},"categories":[6],"tags":[],"class_list":["post-15456","post","type-post","status-publish","format-standard","hentry","category-noticias"],"acf":[],"views":643,"_links":{"self":[{"href":"https:\/\/www.walcordeiro.com.br\/v1\/wp-json\/wp\/v2\/posts\/15456","targetHints":{"allow":["GET"]}}],"collection":[{"href":"https:\/\/www.walcordeiro.com.br\/v1\/wp-json\/wp\/v2\/posts"}],"about":[{"href":"https:\/\/www.walcordeiro.com.br\/v1\/wp-json\/wp\/v2\/types\/post"}],"author":[{"embeddable":true,"href":"https:\/\/www.walcordeiro.com.br\/v1\/wp-json\/wp\/v2\/users\/2"}],"replies":[{"embeddable":true,"href":"https:\/\/www.walcordeiro.com.br\/v1\/wp-json\/wp\/v2\/comments?post=15456"}],"version-history":[{"count":1,"href":"https:\/\/www.walcordeiro.com.br\/v1\/wp-json\/wp\/v2\/posts\/15456\/revisions"}],"predecessor-version":[{"id":15457,"href":"https:\/\/www.walcordeiro.com.br\/v1\/wp-json\/wp\/v2\/posts\/15456\/revisions\/15457"}],"wp:attachment":[{"href":"https:\/\/www.walcordeiro.com.br\/v1\/wp-json\/wp\/v2\/media?parent=15456"}],"wp:term":[{"taxonomy":"category","embeddable":true,"href":"https:\/\/www.walcordeiro.com.br\/v1\/wp-json\/wp\/v2\/categories?post=15456"},{"taxonomy":"post_tag","embeddable":true,"href":"https:\/\/www.walcordeiro.com.br\/v1\/wp-json\/wp\/v2\/tags?post=15456"}],"curies":[{"name":"wp","href":"https:\/\/api.w.org\/{rel}","templated":true}]}}