{"id":14894,"date":"2010-07-06T08:03:08","date_gmt":"2010-07-06T11:03:08","guid":{"rendered":"http:\/\/www.walcordeiro.com.br\/v1\/?p=14894"},"modified":"2010-07-06T08:03:08","modified_gmt":"2010-07-06T11:03:08","slug":"uruguai-da-favoritismo-a-holanda","status":"publish","type":"post","link":"https:\/\/www.walcordeiro.com.br\/v1\/2010\/07\/06\/uruguai-da-favoritismo-a-holanda\/","title":{"rendered":"Uruguai d\u00e1 favoritismo \u00e0 Holanda"},"content":{"rendered":"<p><strong><em>Wilson Baldini Jr., enviado especial a Cidade do Cabo &#8211; O Estado de S.Paulo<\/em><\/strong><\/p>\n<div>\n<p><img loading=\"lazy\" decoding=\"async\" src=\"http:\/\/www.estadao.com.br\/fotos\/selcao_uruguai_jonne_roriz_ae.jpg\" alt=\"\" width=\"360\" height=\"204\" \/><\/p>\n<p><strong>Descontra\u00e7\u00e3o.<\/strong><em> O elenco da sele\u00e7\u00e3o uruguaia diverte-se durante o treino na v\u00e9spera da decis\u00e3o de hoje contra a Holanda<\/em> <em>\u00a0<\/em>\u00a0 \u00a0<\/p>\n<p>Com um time sem grandes estrelas, o Uruguai aposta na lend\u00e1ria tradi\u00e7\u00e3o da ra\u00e7a da Celeste Ol\u00edmpica para parar o talentoso toque de bola holand\u00eas, hoje, \u00e0s 15h30 (hor\u00e1rio de Bras\u00edlia) no Green Point Stadium, na Cidade do Cabo, pela semifinal da Copa do Mundo da \u00c1frica do Sul. Liderados por Diego Forl\u00e1n, os bicampe\u00f5es mundiais buscam voltar \u00e0 decis\u00e3o depois de 60 anos. Desde o Maracanazo, em 1950, os uruguaios n\u00e3o t\u00eam a chance de levantar mais uma ta\u00e7a. J\u00e1 os holandeses apostam na habilidade de Robben e Sneijder a oportunidade de repetir o que a fant\u00e1stica Laranja Mec\u00e2nica conseguiu em 1974, com Johan Cruyff e cia. Ou seja tamb\u00e9m ter a chance de ser campe\u00e3 pela primeira vez. \u00a0<\/p>\n<p>Consciente e equilibrado, o t\u00e9cnico Oscar Tab\u00e1rez joga o favoritismo para o advers\u00e1rio. &#8220;Sabemos que nossos rivais s\u00e3o melhores no toque de bola e s\u00e3o os favoritos. Temos um grupo jovem e com pouca experi\u00eancia. Mas, por favor, nos deixem ter o direito de tentar refazer esta hist\u00f3ria.&#8221; O treinador aproveita para dar uma inje\u00e7\u00e3o de \u00e2nimo no grupo. &#8220;N\u00e3o sei se temos algo a perder. O que sei \u00e9 que temos muito a ganhar&#8221;, afirmou, antes de ficar nervoso, ao revelar que jornalistas uruguaios furaram o treino fechado de domingo.<!--more--><\/p>\n<p>Tab\u00e1rez disse que a campanha uruguaia \u00e9 fruto de um trabalho de quatro anos, mas n\u00e3o acha que o resultado possa trazer de volta a equipe \u00e0 elite mundial. &#8220;Em uma competi\u00e7\u00e3o r\u00e1pida e curta como esta, circunst\u00e2ncias levam uma equipe a vencer ou perder. N\u00e3o ser\u00e1 uma vit\u00f3ria nossa que vai diminuir o poder econ\u00f4mico de nossos tr\u00eas advers\u00e1rios nesta fase&#8221;, afirmou. &#8220;Estamos orgulhosos, pois em nosso pa\u00eds temos apenas 3,5 milh\u00f5es de habitantes. N\u00famero que em alguns pa\u00edses representa a quantidade de jogadores de futebol.&#8221;<\/p>\n<p>Do lado holand\u00eas, o t\u00e9cnico Bert Van Marwijk sabe o que ter\u00e1 pela frente. &#8220;Posso usar o Uruguai como exemplo de paix\u00e3o no futebol. Trata-se de uma equipe muito perigosa e valente.&#8221; O treinador lamentou a aus\u00eancia do atacante Su\u00e1rez, que vai cumprir suspens\u00e3o, e ao mesmo tempo festejou. &#8220;Trata-se de um dos grandes goleadores do mundo.&#8221;<\/p>\n<p>O capit\u00e3o holand\u00eas Van Bronckhorst tamb\u00e9m espera um duelo disputado. &#8220;O jogo ser\u00e1 truncado. N\u00e3o h\u00e1 como se ter um jogo bonito nesta fase.&#8221;<\/p>\n<p><strong>Ficha t\u00e9cnica<\/strong><\/p>\n<p>Uruguai x Holanda<\/p>\n<p>Uruguai: Muslera; Maxi Pereira; Victorino; Godin; C\u00e1ceres; P\u00e9rez; Ar\u00e9valo; Fernandez. Forl\u00e1n; Cavani; Abreu. T\u00e9cnico: Oscar Tab\u00e1rez<\/p>\n<p>Holanda: Stekelenburg; Boulahrouz; Heitinga; Mathijsen; Van Bronckhorst; De Zeeuw; Van Bommel; Sneijder; Robben; Kuyt; Van Pierse. T\u00e9cnico: Bert Van Marwijk<\/p>\n<\/div>\n","protected":false},"excerpt":{"rendered":"<p>Wilson Baldini Jr., enviado especial a Cidade do Cabo &#8211; O Estado de S.Paulo Descontra\u00e7\u00e3o. O elenco da sele\u00e7\u00e3o uruguaia diverte-se durante o treino na v\u00e9spera da decis\u00e3o de hoje contra a Holanda \u00a0\u00a0 \u00a0 Com um time sem grandes estrelas, o Uruguai aposta na lend\u00e1ria tradi\u00e7\u00e3o da ra\u00e7a da Celeste Ol\u00edmpica para parar o talentoso toque de bola holand\u00eas, hoje, \u00e0s 15h30 (hor\u00e1rio de Bras\u00edlia) no Green Point Stadium, na Cidade do Cabo, pela semifinal da Copa do Mundo da \u00c1frica do Sul. Liderados por Diego Forl\u00e1n, os bicampe\u00f5es mundiais buscam voltar \u00e0 decis\u00e3o depois de 60 anos. Desde&#8230;<\/p>\n","protected":false},"author":2,"featured_media":0,"comment_status":"open","ping_status":"open","sticky":false,"template":"","format":"standard","meta":{"footnotes":"","_links_to":"","_links_to_target":""},"categories":[6],"tags":[],"class_list":["post-14894","post","type-post","status-publish","format-standard","hentry","category-noticias"],"acf":[],"views":508,"_links":{"self":[{"href":"https:\/\/www.walcordeiro.com.br\/v1\/wp-json\/wp\/v2\/posts\/14894","targetHints":{"allow":["GET"]}}],"collection":[{"href":"https:\/\/www.walcordeiro.com.br\/v1\/wp-json\/wp\/v2\/posts"}],"about":[{"href":"https:\/\/www.walcordeiro.com.br\/v1\/wp-json\/wp\/v2\/types\/post"}],"author":[{"embeddable":true,"href":"https:\/\/www.walcordeiro.com.br\/v1\/wp-json\/wp\/v2\/users\/2"}],"replies":[{"embeddable":true,"href":"https:\/\/www.walcordeiro.com.br\/v1\/wp-json\/wp\/v2\/comments?post=14894"}],"version-history":[{"count":1,"href":"https:\/\/www.walcordeiro.com.br\/v1\/wp-json\/wp\/v2\/posts\/14894\/revisions"}],"predecessor-version":[{"id":14895,"href":"https:\/\/www.walcordeiro.com.br\/v1\/wp-json\/wp\/v2\/posts\/14894\/revisions\/14895"}],"wp:attachment":[{"href":"https:\/\/www.walcordeiro.com.br\/v1\/wp-json\/wp\/v2\/media?parent=14894"}],"wp:term":[{"taxonomy":"category","embeddable":true,"href":"https:\/\/www.walcordeiro.com.br\/v1\/wp-json\/wp\/v2\/categories?post=14894"},{"taxonomy":"post_tag","embeddable":true,"href":"https:\/\/www.walcordeiro.com.br\/v1\/wp-json\/wp\/v2\/tags?post=14894"}],"curies":[{"name":"wp","href":"https:\/\/api.w.org\/{rel}","templated":true}]}}