{"id":14858,"date":"2010-07-05T16:15:39","date_gmt":"2010-07-05T19:15:39","guid":{"rendered":"http:\/\/www.walcordeiro.com.br\/v1\/?p=14858"},"modified":"2010-07-05T16:15:44","modified_gmt":"2010-07-05T19:15:44","slug":"dilma-estima-gastar-80-a-mais-que-lula-em-campanha","status":"publish","type":"post","link":"https:\/\/www.walcordeiro.com.br\/v1\/2010\/07\/05\/dilma-estima-gastar-80-a-mais-que-lula-em-campanha\/","title":{"rendered":"Dilma estima gastar 80% a mais que Lula em campanha"},"content":{"rendered":"<p style=\"text-align: center;\"><strong><em><a href=\"http:\/\/www.walcordeiro.com.br\/v1\/wp-content\/uploads\/banner-elei\u00e7\u00f5es-2010.jpg\"><img loading=\"lazy\" decoding=\"async\" class=\"aligncenter size-large wp-image-14777\" title=\"banner elei\u00e7\u00f5es 2010\" src=\"http:\/\/www.walcordeiro.com.br\/v1\/wp-content\/uploads\/banner-elei\u00e7\u00f5es-2010-1024x284.jpg\" alt=\"\" width=\"475\" height=\"155\" \/><\/a><\/em><\/strong><\/p>\n<p><strong><em>do Congresso em Foco<\/em><\/strong><\/p>\n<p>O PT pediu hoje (5) ao Tribunal Superior Eleitoral (TSE) o registro da candidatura da ex-ministra da Casa Civil Dilma Rousseff \u00e0 Presid\u00eancia da Rep\u00fablica pela coliga\u00e7\u00e3o \u201cPara o Brasil seguir mudando\u201d. A coliga\u00e7\u00e3o \u00e9 composta por dez partidos: PT, PMDB, PDT, PSB, PR, PCdoB, PRB, PTN, PSC e PTC. Os petistas estimam em R$ 187 milh\u00f5es o teto a ser gasto na campanha eleitoral, valor 80% superior aos R$ 104,3 milh\u00f5es declarados por Lula na disputa \u00e0 reelei\u00e7\u00e3o, em 2006. O montante ser\u00e1 dividido entre o PT (R$ 157 milh\u00f5es) e o PMDB (R$ 30 milh\u00f5es), do candidato a vice, Michel Temer (PMDB-SP), segundo o documento entregue ao TSE.<\/p>\n<p>Na declara\u00e7\u00e3o \u00e0 Justi\u00e7a eleitoral, Dilma informou ter patrim\u00f4nio de R$ 1,06 milh\u00e3o: dois apartamentos em Porto Alegre, um em Belo Horizonte e um ve\u00edculo no valor de R$ 30 mil. Temer declarou um patrim\u00f4nio de R$ 6 milh\u00f5es. <!--more--><\/p>\n<p><a href=\"http:\/\/congressoemfoco.uol.com.br\/noticia.asp?cod_canal=1&amp;cod_publicacao=33513\">Veja quem s\u00e3o os candidatos a presidente<\/a><\/p>\n<p><a href=\"http:\/\/congressoemfoco.uol.com.br\/noticia.asp?cod_canal=1&amp;cod_publicacao=33512\">Nove op\u00e7\u00f5es para a Presid\u00eancia da Rep\u00fablica<\/a><\/p>\n<p>Outros dois candidatos pediram registro no TSE no in\u00edcio desta tarde: o jornalista Rui Costa Pimenta, do PCO, e o apresentador de TV Levy Fid\u00e9lix, do PRTB. O candidato do PCO, que declarou patrim\u00f4nio de R$ 80 mil, estimou em R$ 100 mil o teto de gastos de sua campanha. J\u00e1 Levy, que informou patrim\u00f4nio de R$ 150 mil, pretende gastar at\u00e9 R$ 10 milh\u00f5es na corrida eleitoral.<\/p>\n<p>Hoje \u00e9 o \u00faltimo dia para que os candidatos pe\u00e7am seu registro na Justi\u00e7a eleitoral. Tamb\u00e9m devem\u00a0ser inscritas as\u00a0candidaturas de Jos\u00e9 Serra (PSDB), Jos\u00e9 Maria Eymael (PSDC), Z\u00e9 Maria (PSTU), Ivan Pinheiro (PCB) e Pl\u00ednio de Arruda Sampaio (Psol).<\/p>\n<p>A candidata do PV, Marina Silva, foi a \u00fanica a registrar o pedido na semana passada. <a href=\"http:\/\/congressoemfoco.uol.com.br\/noticia.asp?cod_canal=1&amp;cod_publicacao=33503\">Marina estima gastar at\u00e9 R$ 90 milh\u00f5es durante a campanha.<\/a><\/p>\n<p>A senadora acreana declarou ter patrim\u00f4nio de R$ 150 mil. O valor dos bens da ex-ministra do Meio Ambiente \u00e9 8,4 mil vezes inferior ao declarado por seu vice, o empres\u00e1rio Guilherme Leal, dono do grupo Natura. Guilherme informou patrim\u00f4nio de R$ 1,26 bilh\u00e3o.<\/p>\n<p><strong>P\u00f3s-Lula<\/strong><\/p>\n<p>Dilma tamb\u00e9m entregou um documento com os compromissos de campanha. \u201cO Brasil deixou de ser o pa\u00eds do futuro. O futuro chegou. E o p\u00f3s-Lula \u00e9 Dilma\u201d, diz o texto. Os candidatos a cargo executivo s\u00e3o obrigados, por lei, a partir destas elei\u00e7\u00f5es a registrar suas promessas de campanha.<\/p>\n<p>O documento afirma que, ap\u00f3s duas d\u00e9cadas de estagna\u00e7\u00e3o ou avan\u00e7os \u201cmed\u00edocres\u201d, a economia brasileira voltou a crescer com uma nova l\u00f3gica, com \u201cforte distribui\u00e7\u00e3o de renda, com in\u00e9dito equil\u00edbrio macro-econ\u00f4mico, com redu\u00e7\u00e3o da vulnerabilidade externa e, sobretudo, com fortalecimento da democracia.\u201d<\/p>\n<p>Confira alguns pontos das diretrizes program\u00e1ticas de Dilma, divulgados pelo PT:<\/p>\n<p><em>\u201c<strong>Economia<br \/>\n<\/strong>A candidatura de Dilma \u00e0 presid\u00eancia assume o compromisso de adotar um modelo de desenvolvimento econ\u00f4mico amparado no crescimento acelerado, no combate \u00e0s desigualdades raciais, sociais e regionais, e na promo\u00e7\u00e3o da sustentabilidade ambiental.<br \/>\nA pol\u00edtica de valoriza\u00e7\u00e3o do sal\u00e1rio m\u00ednimo, o aprimoramento dos programas de transfer\u00eancia de renda, como o Bolsa Fam\u00edlia, a amplia\u00e7\u00e3o do cr\u00e9dito popular, o fortalecimento da agricultura familiar e a redu\u00e7\u00e3o de impostos ser\u00e3o as bases para a expans\u00e3o do mercado de bens de consumo que produziu forte impacto positivo sobre o setor produtivo.<br \/>\nInova\u00e7\u00e3o<br \/>\n<\/em><em>O documento destaca ainda que ci\u00eancia e inova\u00e7\u00e3o tecnol\u00f3gica ser\u00e3o usadas a servi\u00e7o deste novo modelo de desenvolvimento. Para isso, a inclus\u00e3o digital, com banda larga acess\u00edvel, ser\u00e1 ampliada e os investimentos estrangeiros ser\u00e3o vinculados \u00e0 transfer\u00eancia de tecnologia.<\/p>\n<p><strong>PAC<br \/>\n<\/strong>Para o PT, o governo Dilma ser\u00e1 marcado pela eleva\u00e7\u00e3o das taxas de crescimento, o que exigir\u00e1 a conclus\u00e3o das obras do Programa de Acelera\u00e7\u00e3o do Crescimento (PAC). Al\u00e9m de acentuar a competitividade da economia brasileira, o PAC vai, sobretudo, oferecer \u201cconsider\u00e1veis\u201d melhorias das condi\u00e7\u00f5es de vida dos brasileiros por meio da amplia\u00e7\u00e3o de linhas de metr\u00f4, corredores de \u00f4nibus e redes ferrovi\u00e1rias urbanas e regionais, universaliza\u00e7\u00e3o do abastecimento de \u00e1gua e da coleta e tratamento de esgoto, drenagem urbana, recupera\u00e7\u00e3o de \u00e1reas degradadas e de preven\u00e7\u00e3o de acidentes em \u00e1reas de risco e amplia\u00e7\u00e3o do Programa Nacional de Seguran\u00e7a P\u00fablica com Cidadania (Pronasci).<\/p>\n<p><strong>Educa\u00e7\u00e3o<br \/>\n<\/strong>Embora o governo Lula tenha tomado importantes iniciativas, como a amplia\u00e7\u00e3o dos repasses da Uni\u00e3o para estados e munic\u00edpios e do n\u00famero de escolas t\u00e9cnicas, o PT afirma que h\u00e1 \u201curg\u00eancia para preparar os milh\u00f5es de cientistas e t\u00e9cnicos que o desenvolvimento do pa\u00eds j\u00e1 est\u00e1 exigindo. Mas, principalmente, urg\u00eancia para constituir uma cidadania que possa tomar em suas m\u00e3os o desenvolvimento econ\u00f4mico, pol\u00edtico e cultural do pa\u00eds\u201d. Assim, a candidatura de Dilma Rousseff defende a erradica\u00e7\u00e3o do analfabetismo, uma educa\u00e7\u00e3o b\u00e1sica de qualidade e a expans\u00e3o do ensino profissionalizante.<\/p>\n<p><strong>Sa\u00fade<br \/>\n<\/strong>O programa de governo do PT destaca ainda a consolida\u00e7\u00e3o do car\u00e1ter universal e de qualidade do Sistema \u00danico de Sa\u00fade (SUS) por meio da amplia\u00e7\u00e3o das equipes de Sa\u00fade da Fam\u00edlia, das Unidades de Pronto Atendimento (UPA), e do Servi\u00e7o de Atendimento M\u00f3vel de Urg\u00eancia (SAMU) para garantir \u201ca todos os brasileiros a aten\u00e7\u00e3o b\u00e1sica e de m\u00e9dia complexidade, inclusive emerg\u00eancias\u201d. As pol\u00edticas de assist\u00eancia farmac\u00eautica e o programa Farm\u00e1cia Popular ser\u00e3o aprofundados.<\/p>\n<p><strong>Mulheres<br \/>\n<\/strong>Outro destaque foi dado \u00e0s a\u00e7\u00f5es de combate \u00e0 desigualdade de g\u00eanero. O Estado, diz o documento, deve assumir sua responsabilidade na constru\u00e7\u00e3o de pol\u00edticas p\u00fablicas que garantam o direito ao trabalho, com condi\u00e7\u00f5es iguais entre homens e mulheres, combatem a viol\u00eancia de g\u00eanero e promovam a sa\u00fade da mulher.<br \/>\n\u2018O Estado brasileiro reafirmar\u00e1 o direito das mulheres de tomarem suas pr\u00f3prias decis\u00f5es em assuntos que afetam o seu corpo e a sua sa\u00fade, direito de decidirem livremente sobre todas as quest\u00f5es referentes \u00e0 sua sexualidade e estabelecer rela\u00e7\u00f5es afetivas e sexuais livres de coa\u00e7\u00e3o, discrimina\u00e7\u00e3o e viol\u00eancia\u2019, diz o programa do PT.\u201d<\/em><\/p>\n","protected":false},"excerpt":{"rendered":"<p>do Congresso em Foco O PT pediu hoje (5) ao Tribunal Superior Eleitoral (TSE) o registro da candidatura da ex-ministra da Casa Civil Dilma Rousseff \u00e0 Presid\u00eancia da Rep\u00fablica pela coliga\u00e7\u00e3o \u201cPara o Brasil seguir mudando\u201d. A coliga\u00e7\u00e3o \u00e9 composta por dez partidos: PT, PMDB, PDT, PSB, PR, PCdoB, PRB, PTN, PSC e PTC. Os petistas estimam em R$ 187 milh\u00f5es o teto a ser gasto na campanha eleitoral, valor 80% superior aos R$ 104,3 milh\u00f5es declarados por Lula na disputa \u00e0 reelei\u00e7\u00e3o, em 2006. O montante ser\u00e1 dividido entre o PT (R$ 157 milh\u00f5es) e o PMDB (R$ 30&#8230;<\/p>\n","protected":false},"author":2,"featured_media":0,"comment_status":"open","ping_status":"open","sticky":false,"template":"","format":"standard","meta":{"footnotes":"","_links_to":"","_links_to_target":""},"categories":[6],"tags":[276],"class_list":["post-14858","post","type-post","status-publish","format-standard","hentry","category-noticias","tag-eleicoes-2010"],"acf":[],"views":642,"_links":{"self":[{"href":"https:\/\/www.walcordeiro.com.br\/v1\/wp-json\/wp\/v2\/posts\/14858","targetHints":{"allow":["GET"]}}],"collection":[{"href":"https:\/\/www.walcordeiro.com.br\/v1\/wp-json\/wp\/v2\/posts"}],"about":[{"href":"https:\/\/www.walcordeiro.com.br\/v1\/wp-json\/wp\/v2\/types\/post"}],"author":[{"embeddable":true,"href":"https:\/\/www.walcordeiro.com.br\/v1\/wp-json\/wp\/v2\/users\/2"}],"replies":[{"embeddable":true,"href":"https:\/\/www.walcordeiro.com.br\/v1\/wp-json\/wp\/v2\/comments?post=14858"}],"version-history":[{"count":2,"href":"https:\/\/www.walcordeiro.com.br\/v1\/wp-json\/wp\/v2\/posts\/14858\/revisions"}],"predecessor-version":[{"id":14860,"href":"https:\/\/www.walcordeiro.com.br\/v1\/wp-json\/wp\/v2\/posts\/14858\/revisions\/14860"}],"wp:attachment":[{"href":"https:\/\/www.walcordeiro.com.br\/v1\/wp-json\/wp\/v2\/media?parent=14858"}],"wp:term":[{"taxonomy":"category","embeddable":true,"href":"https:\/\/www.walcordeiro.com.br\/v1\/wp-json\/wp\/v2\/categories?post=14858"},{"taxonomy":"post_tag","embeddable":true,"href":"https:\/\/www.walcordeiro.com.br\/v1\/wp-json\/wp\/v2\/tags?post=14858"}],"curies":[{"name":"wp","href":"https:\/\/api.w.org\/{rel}","templated":true}]}}